{"id":59592,"date":"2020-07-20T11:40:28","date_gmt":"2020-07-20T14:40:28","guid":{"rendered":"https:\/\/portalpopmais.wpcomstaging.com\/?p=59592"},"modified":"2020-07-20T11:40:28","modified_gmt":"2020-07-20T14:40:28","slug":"acabou-marilia-mendonca-confirma-fim-do-relacionamento-com-murilo-huff","status":"publish","type":"post","link":"https:\/\/portalpopmais.com.br\/en\/acabou-marilia-mendonca-confirma-fim-do-relacionamento-com-murilo-huff\/","title":{"rendered":"Acabou! Mar\u00edlia Mendon\u00e7a confirma fim do relacionamento com Murilo Huff"},"content":{"rendered":"<p>No \u00faltimo final de semana, <strong>Mar\u00edlia Mendon\u00e7a<\/strong> pegou todos de surpresa, ao apagar todos os posts em que aparece ao lado do seu at\u00e9 ent\u00e3o namorado <strong>Murilo Huff<\/strong>.<\/p>\n<p>A atitude levantou especula\u00e7\u00f5es sobre o t\u00e9rmino do relacionamento, que acabou sendo confirmado na manh\u00e3 desta segunda-feira (20\/7), pela pr\u00f3pria Mar\u00edlia.<\/p>\n<p>O <a href=\"https:\/\/extra.globo.com\/famosos\/marilia-mendonca-termina-namoro-com-murilo-huff-apos-ver-troca-de-mensagens-em-celular-do-cantor-24540856.html\" target=\"_blank\" rel=\"nofollow noopener noreferrer\"><strong>Jornal Extra<\/strong><\/a> chegou a publicar uma mat\u00e9ria, afirmando que o motivo do fim teria sido uma trai\u00e7\u00e3o de Murilo, fato negado pela pr\u00f3pria cantora em uma sequ\u00eancia de v\u00eddeos publicados no Stories do Instagram. Veja abaixo na \u00edntegra:<\/p>\n<p><em>\u201cBom dia, gente, nem t\u00e3o bom assim. Eu j\u00e1 recebi uma not\u00edcia falsa envolvendo meu nome e o nome do Murilo. N\u00e3o tem uma verdade na mat\u00e9ria que eu li. Eu n\u00e3o tinha vontade nenhuma de vir falar isso aqui porque n\u00e3o gosto de anunciar not\u00edcia triste. Ningu\u00e9m lucra com tristeza, s\u00f3 gosto de usar as redes sociais para falar de alegrias. Primeiramente, Murilo \u00e9 um cara que sempre me respeitou, nunca tivemos o h\u00e1bito de mexer no celular um do outro, viu Jornal Extra? Essa fonte que falou foram das vozes da cabe\u00e7a. Eu sou muito orgulhosa de ter o filho com Murilo. \u00c9 um cara guerreiro, batalhador demais, que n\u00e3o tem nada a ver com isso que voc\u00eas est\u00e3o falando. N\u00e3o \u00e9 minha obriga\u00e7\u00e3o falar disso, mas resolvi falar em nome da dignidade, pra n\u00e3o afetar Murilo. O meu t\u00e9rmino com Murilo n\u00e3o teve nada a ver com ci\u00fames ou trai\u00e7\u00e3o. Se eu parei de seguir ele \u00e9 porque eu ainda tenho sentimentos e d\u00f3i ficar vendo a pessoa nesse momento. A gente tem um filho, o Murilo quando quiser vai ver o filho na hora que ele quiser, porque ele \u00e9 um \u00f3timo pai\u201d.<\/em><\/p>\n<div id=\"attachment_59596\" style=\"width: 1210px\" class=\"wp-caption aligncenter\"><img loading=\"lazy\" decoding=\"async\" aria-describedby=\"caption-attachment-59596\" class=\"size-full wp-image-59596\" src=\"https:\/\/portalpopmais.wpcomstaging.com\/wp-content\/uploads\/2020\/07\/marilia-murilo2.jpg\" alt=\"marilia mendon\u00e7a e murilo huff\" width=\"1200\" height=\"1162\" title=\"\"><p id=\"caption-attachment-59596\" class=\"wp-caption-text\">Mar\u00edlia Mendon\u00e7a e Murilo Huff (Foto: Reprodu\u00e7\u00e3o\/ Instagram)<\/p><\/div>\n<p>Mar\u00edlia e Murilo assumiram o namoro em maio do ano passado e um m\u00eas depois, ela anunciou sua gravidez. O beb\u00ea nasceu em dezembro de 2019. Os cantores nunca moraram na mesma casa, mas Murilo j\u00e1 havia manifestado o desejo de se mudar para a casa de Mar\u00edlia.<\/p>","protected":false},"excerpt":{"rendered":"<p>No \u00faltimo final de semana, Mar\u00edlia Mendon\u00e7a pegou todos de surpresa, ao apagar todos os posts em que aparece ao lado do seu at\u00e9 ent\u00e3o namorado Murilo Huff. A atitude levantou especula\u00e7\u00f5es sobre o t\u00e9rmino do relacionamento, que acabou sendo confirmado na manh\u00e3 desta segunda-feira (20\/7), pela pr\u00f3pria Mar\u00edlia. O Jornal Extra chegou a publicar [&hellip;]<\/p>\n","protected":false},"author":9,"featured_media":59595,"comment_status":"closed","ping_status":"open","sticky":false,"template":"","format":"standard","meta":{"footnotes":""},"categories":[173],"tags":[2217,4221],"class_list":["post-59592","post","type-post","status-publish","format-standard","has-post-thumbnail","hentry","category-celebridades","tag-marilia-mendonca","tag-murilo-huff"],"_links":{"self":[{"href":"https:\/\/portalpopmais.com.br\/en\/wp-json\/wp\/v2\/posts\/59592","targetHints":{"allow":["GET"]}}],"collection":[{"href":"https:\/\/portalpopmais.com.br\/en\/wp-json\/wp\/v2\/posts"}],"about":[{"href":"https:\/\/portalpopmais.com.br\/en\/wp-json\/wp\/v2\/types\/post"}],"author":[{"embeddable":true,"href":"https:\/\/portalpopmais.com.br\/en\/wp-json\/wp\/v2\/users\/9"}],"replies":[{"embeddable":true,"href":"https:\/\/portalpopmais.com.br\/en\/wp-json\/wp\/v2\/comments?post=59592"}],"version-history":[{"count":0,"href":"https:\/\/portalpopmais.com.br\/en\/wp-json\/wp\/v2\/posts\/59592\/revisions"}],"wp:featuredmedia":[{"embeddable":true,"href":"https:\/\/portalpopmais.com.br\/en\/wp-json\/"}],"wp:attachment":[{"href":"https:\/\/portalpopmais.com.br\/en\/wp-json\/wp\/v2\/media?parent=59592"}],"wp:term":[{"taxonomy":"category","embeddable":true,"href":"https:\/\/portalpopmais.com.br\/en\/wp-json\/wp\/v2\/categories?post=59592"},{"taxonomy":"post_tag","embeddable":true,"href":"https:\/\/portalpopmais.com.br\/en\/wp-json\/wp\/v2\/tags?post=59592"}],"curies":[{"name":"wp","href":"https:\/\/api.w.org\/{rel}","templated":true}]}}