{"id":59870,"date":"2020-07-22T14:49:24","date_gmt":"2020-07-22T17:49:24","guid":{"rendered":"https:\/\/portalpopmais.wpcomstaging.com\/?p=59870"},"modified":"2021-02-23T14:05:12","modified_gmt":"2021-02-23T17:05:12","slug":"twitch-realiza-a-segunda-edicao-do-twitch-pride-day","status":"publish","type":"post","link":"https:\/\/portalpopmais.com.br\/en\/twitch-realiza-a-segunda-edicao-do-twitch-pride-day\/","title":{"rendered":"Twitch realiza a segunda edi\u00e7\u00e3o do Twitch Pride Day"},"content":{"rendered":"<p>A <a href=\"https:\/\/www.twitch.tv\" target=\"_blank\" rel=\"noopener noreferrer\"><strong>Twitch<\/strong><\/a>, plataforma e comunidade de entretenimento ao vivo, realizar\u00e1 a segunda edi\u00e7\u00e3o do <strong>Twitch Pride Day Festival<\/strong> neste s\u00e1bado, dia 25 de julho. O festival \u00e9 uma celebra\u00e7\u00e3o mensal da comunidade LGBTQIA+ e vai contribuir para a conscientiza\u00e7\u00e3o na plataforma atrav\u00e9s de conte\u00fados inspiradores, debates e festas. As transmiss\u00f5es acontecer\u00e3o no canal <a href=\"https:\/\/www.twitch.tv\/paratodes\" target=\"_blank\" rel=\"noopener noreferrer\">twitch.tv\/paratodes<\/a> no dia 25 de julho das 16 at\u00e9 \u00e0 meia noite.<\/p>\n<p>A Twitch confirmou a participa\u00e7\u00e3o de grandes nomes como a modelo Aretha Sadick, a comunicadora e historiadora Giovanna Heliodoro (<a href=\"https:\/\/www.instagram.com\/transpreta\/?hl=pt-br\" target=\"_blank\" rel=\"noopener noreferrer\">@transpreta<\/a>) e a apresentadora e influenciadora Bielo Pereira. As festas come\u00e7ar\u00e3o \u00e0s 18 horas e contar\u00e3o com Lun\u00e1tica, de S\u00e3o Paulo, e Boho, do Rio de Janeiro.<\/p>\n<div id=\"attachment_59874\" style=\"width: 730px\" class=\"wp-caption aligncenter\"><img loading=\"lazy\" decoding=\"async\" aria-describedby=\"caption-attachment-59874\" class=\"size-full wp-image-59874\" src=\"https:\/\/portalpopmais.wpcomstaging.com\/wp-content\/uploads\/2020\/07\/twitch-pride-day-1.jpg\" alt=\"twitch pride day\" width=\"720\" height=\"720\" title=\"\"><p id=\"caption-attachment-59874\" class=\"wp-caption-text\">Twitch Pride Day (Foto: Divulga\u00e7\u00e3o)<\/p><\/div>\n<p><strong>Participantes dos Debates<\/strong><\/p>\n<p><a href=\"https:\/\/www.instagram.com\/petraperon\/\" target=\"_blank\" rel=\"noopener noreferrer\">Petra Per\u00f3n<\/a> &#8211; BA<\/p>\n<p><a href=\"https:\/\/www.instagram.com\/arethasadick\/\" target=\"_blank\" rel=\"noopener noreferrer\">Aretha Sadick<\/a> &#8211; SP<\/p>\n<p><a href=\"https:\/\/www.instagram.com\/nicknagari\/\" target=\"_blank\" rel=\"noopener noreferrer\">Nick Nagari &#8211; RJ<\/a><\/p>\n<p><a href=\"https:\/\/www.instagram.com\/pretaraujo\/\" target=\"_blank\" rel=\"noopener noreferrer\">Preta Ara\u00fajo<\/a> &#8211; SP<\/p>\n<p><a href=\"https:\/\/www.instagram.com\/transpreta\/\" target=\"_blank\" rel=\"noopener noreferrer\">Giovanna Heliodoro (@transpreta)<\/a> &#8211; MG<\/p>\n<p><a href=\"https:\/\/www.instagram.com\/leandrinhadu\/\" target=\"_blank\" rel=\"noopener noreferrer\">Leandrinha Du Art<\/a> &#8211; MG<\/p>\n<p><a href=\"https:\/\/www.instagram.com\/hellobielo\/\" target=\"_blank\" rel=\"noopener noreferrer\">Bielo Pereira<\/a> &#8211; SP<\/p>\n<p>&nbsp;<\/p>\n<p><strong>Festas<\/strong><\/p>\n<p><a href=\"https:\/\/www.instagram.com\/festalunatica\/\" target=\"_blank\" rel=\"noopener noreferrer\">Lun\u00e1tica<\/a> (SP)<\/p>\n<p><a href=\"https:\/\/www.instagram.com\/bohoafesta\/?hl=pt-br\" target=\"_blank\" rel=\"noopener noreferrer\">Boho<\/a> (RJ)<\/p>\n<p>&nbsp;<\/p>\n<h4><strong>Servi\u00e7o<\/strong><\/h4>\n<p>Twitch Pride Day<\/p>\n<p>Evento transmitido ao vivo pelo o canal <a href=\"https:\/\/www.twitch.tv\/paratodes\" target=\"_blank\" rel=\"noopener noreferrer\">twitch.tv\/paratodes<\/a><\/p>\n<p>Hor\u00e1rio: S\u00e1bado, dia 25 de Julho das 16 \u00e0 meia noite.<\/p>\n<p>&nbsp;<\/p>\n<h4>Sobre a\u00a0Twitch<\/h4>\n<div><\/div>\n<div>Fundada em 2011, a\u00a0<a href=\"https:\/\/www.twitch.tv\/\" target=\"_blank\" rel=\"noopener noreferrer\">Twitch<\/a>\u00a0\u00e9 uma comunidade global que se re\u00fane todos os dias para criar entretenimento multiplayer: experi\u00eancias ao vivo, \u00fanicas e imprevis\u00edveis criadas pela intera\u00e7\u00e3o de milh\u00f5es.\u00a0Ela traz a alegria da coopera\u00e7\u00e3o em tudo, de jogos casuais a\u00a0esportes\u00a0de alcance mundial, maratonas de animes,\u00a0streams\u00a0de m\u00fasica e arte, existe algo para todos na\u00a0Twitch.\u00a0Streamers\u00a0e seus f\u00e3s se\u00a0re\u00fanem\u00a0para celebrar as comunidades que dividem seus interesses e paix\u00f5es. Estamos sempre ao vivo na\u00a0Twitch. Mantenha-se atualizado de tudo sobre a\u00a0Twitch\u00a0no\u00a0<a href=\"https:\/\/twitter.com\/TwitchBR\" target=\"_blank\" rel=\"noopener noreferrer\">Twitter<\/a>\u00a0e pelo\u00a0<a href=\"https:\/\/blog.twitch.tv\/\" target=\"_blank\" rel=\"noopener noreferrer\">blog<\/a>.<\/div>","protected":false},"excerpt":{"rendered":"<p>A Twitch, plataforma e comunidade de entretenimento ao vivo, realizar\u00e1 a segunda edi\u00e7\u00e3o do Twitch Pride Day Festival neste s\u00e1bado, dia 25 de julho. O festival \u00e9 uma celebra\u00e7\u00e3o mensal da comunidade LGBTQIA+ e vai contribuir para a conscientiza\u00e7\u00e3o na plataforma atrav\u00e9s de conte\u00fados inspiradores, debates e festas. As transmiss\u00f5es acontecer\u00e3o no canal twitch.tv\/paratodes no [&hellip;]<\/p>\n","protected":false},"author":1,"featured_media":59873,"comment_status":"closed","ping_status":"open","sticky":false,"template":"","format":"standard","meta":{"footnotes":""},"categories":[2293],"tags":[4136,4137],"class_list":["post-59870","post","type-post","status-publish","format-standard","has-post-thumbnail","hentry","category-internet","tag-twitch","tag-twitch-pride-day-festival"],"_links":{"self":[{"href":"https:\/\/portalpopmais.com.br\/en\/wp-json\/wp\/v2\/posts\/59870","targetHints":{"allow":["GET"]}}],"collection":[{"href":"https:\/\/portalpopmais.com.br\/en\/wp-json\/wp\/v2\/posts"}],"about":[{"href":"https:\/\/portalpopmais.com.br\/en\/wp-json\/wp\/v2\/types\/post"}],"author":[{"embeddable":true,"href":"https:\/\/portalpopmais.com.br\/en\/wp-json\/wp\/v2\/users\/1"}],"replies":[{"embeddable":true,"href":"https:\/\/portalpopmais.com.br\/en\/wp-json\/wp\/v2\/comments?post=59870"}],"version-history":[{"count":0,"href":"https:\/\/portalpopmais.com.br\/en\/wp-json\/wp\/v2\/posts\/59870\/revisions"}],"wp:attachment":[{"href":"https:\/\/portalpopmais.com.br\/en\/wp-json\/wp\/v2\/media?parent=59870"}],"wp:term":[{"taxonomy":"category","embeddable":true,"href":"https:\/\/portalpopmais.com.br\/en\/wp-json\/wp\/v2\/categories?post=59870"},{"taxonomy":"post_tag","embeddable":true,"href":"https:\/\/portalpopmais.com.br\/en\/wp-json\/wp\/v2\/tags?post=59870"}],"curies":[{"name":"wp","href":"https:\/\/api.w.org\/{rel}","templated":true}]}}