{"id":60194,"date":"2020-07-24T23:20:52","date_gmt":"2020-07-25T02:20:52","guid":{"rendered":"https:\/\/portalpopmais.wpcomstaging.com\/?p=60194"},"modified":"2020-12-31T13:53:53","modified_gmt":"2020-12-31T16:53:53","slug":"exclusiva-com-gabriel-o-pensardor-revela-as-muitas-facetas-do-artista-durante-a-pandemia","status":"publish","type":"post","link":"https:\/\/portalpopmais.com.br\/en\/exclusiva-com-gabriel-o-pensardor-revela-as-muitas-facetas-do-artista-durante-a-pandemia\/","title":{"rendered":"EXCLUSIVA com Gabriel O Pensardor: Cantor revela as muitas facetas do artista durante a pandemia"},"content":{"rendered":"<p>A voz que marcou e influenciou toda uma gera\u00e7\u00e3o bateu um papo com o Pop Mais, em mais uma de nossas entrevistas que vem ganhando destaque por serem descontra\u00eddas. Confira o que <strong>Gabriel O Pensador<\/strong>&nbsp;nos revelou sobre o processo de cria\u00e7\u00e3o de <em>&#8220;Aglomera\u00e7\u00e3o a 2&#8221;,&nbsp;<\/em>feat com Ivete Sangalo al\u00e9m de contar sobre suas experi\u00eancias durante a quarentena que estamos vivendo.<\/p>\n<p>Achei muito inusitada a mistura de Rap e Xote, dois g\u00eaneros musicais totalmente diferentes. Ent\u00e3o come\u00e7o a entrevista perguntando como que surgiu essa ideia. \u2014 <em>Foi uma ideia que surgiu enquanto eu estava acoradando&#8230;<\/em> \u2014 revelou o fato inusitado&nbsp;\u2014 <em>Na verdade s\u00e3o muitas ideias que ficam guardadas no gravador, s\u00e3o reggae e coisas aleatorias, mas nessa eu senti que valer \u2014 <\/em>Gabriel&nbsp;continuou, me falando que essa nova m\u00fasica era para dar uma esp\u00e9cie de respiro, em compara\u00e7\u00e3o ao seu ultimo trabalho &#8216;Vamo A\u00ed&#8217; (que tem cenas fortes no clipe).<\/p>\n<p><em>\u2014&nbsp;S\u00f3 faltava a parte do Rap, enfatizando a quest\u00e3o de lutar contra o inimigo. \u2014&nbsp;<\/em>Frisando que esse contraste entre <em>&#8216;Vamo A\u00ed&#8217;<\/em> com&nbsp;<em>&#8220;Aglomera\u00e7\u00e3o a 2&#8221; <\/em>foi bem interessante para sua vis\u00e3o art\u00edstica<em>.&nbsp;\u2014 E eu fiquei muito feliz que Ivete aceitou esse convite, a gente j\u00e1 uma amizade com ela, ela conhece meu trabalho e eu admiro o dela. \u2014<\/em> O \u00fanico receio do cantor era a lojistica para gravar o clipe em meio a pandemia do COVID-19. Mas comenta feliz que tudo certo no final.<\/p>\n<p><iframe loading=\"lazy\" title=\"Gabriel o Pensador, Ivete Sangalo - Aglomera\u00e7\u00e3o a 2\" width=\"880\" height=\"495\" src=\"https:\/\/www.youtube.com\/embed\/mMlco9OKz_0?feature=oembed\" frameborder=\"0\" allow=\"accelerometer; autoplay; clipboard-write; encrypted-media; gyroscope; picture-in-picture\" allowfullscreen><\/iframe><\/p>\n<p>Ao ser questionado sobre alguma mudan\u00e7a que Ivete pudesse ter feito, ele afirma que a cantora baiana apenas ajustou pouca coisa no tom da can\u00e7\u00e3o original. A \u00fanica grande mudan\u00e7a em <em>&#8216;Aglomera\u00e7\u00e3o a 2&#8217;<\/em> foi gra\u00e7as ao baet que o <strong>Papatinho<\/strong>. <em>\u2014 \u00c9 um cara&nbsp;infal\u00edvel&nbsp;nos baets. (&#8230;) Ele deu um busting maneiro pra caramba.<\/em><\/p>\n<p>Gabriel tamb\u00e9m aproveitou para falar sobre um projeto paralelo, no seu canal ele tem o&#8221;Sente a Poesia&#8221;, onde o artista multifacetado fica recitando alguns poemas. O que \u00e9 muito interessante para aproveitar o tempo que a maioria de n\u00f3s temos na quarentena <em>\u2014 \u00c9 bom que tenhamos coisas para poder fazer.<\/em><\/p>\n<p><iframe loading=\"lazy\" title=\"Gabriel O Pensador - Pulei a Cerca (Sente a Poesia)\" width=\"880\" height=\"495\" src=\"https:\/\/www.youtube.com\/embed\/nkysUdXMOwE?feature=oembed\" frameborder=\"0\" allow=\"accelerometer; autoplay; clipboard-write; encrypted-media; gyroscope; picture-in-picture\" allowfullscreen><\/iframe><\/p>\n<p><strong><em>\u2014&nbsp;<\/em>Apesar da sua can\u00e7\u00e3o que falar sobre uma aglomera\u00e7\u00e3o de dois em plena pandemia, quero saber o que voc\u00ea pode falar para quem se&nbsp;sente sozinho nesse per\u00edodo dif\u00edcil.<\/strong><\/p>\n<p><em>\u2014 Isso \u00e9 uma pergunta importante&#8230; eu mesmo tenho falado com amigos que est\u00e3o depressivos e eles n\u00e3o se abrem, \u00e0s vezes se abre&#8230; tem um amigo meu, que \u00e9 muito&nbsp;pr\u00f3ximo&nbsp;que publicou uma parada no Instagram que eu achei estranho. Eu liguei&nbsp;para ele e ele atendeu chorando. \u2014 Relatou&nbsp;\u2014 &nbsp;<\/em><em>Perdi meu pai nesse&nbsp;per\u00edodo, apesar de n\u00e3o ter sido de covid, \u00e9 uma sensa\u00e7\u00e3o estranha nesse periodo.<\/em><\/p>\n<p>Ele afirmou que precisamos contar com o amor de todos, de amigos, contar com a comunica\u00e7\u00e3o virtual e entender que \u00e9 isso que precisamos. <em>\u2014 Jogar poker online, ou qualquer coisa. \u00c9 se reencontrar.&nbsp;\u2014 <\/em>ter a prazer sozinho, evitar e superar a ansiedade,&nbsp;manter a mente ocupada. &nbsp;<em>\u2014 Eu quero realmente desabafar para poder receber uma positividade que vem de resposta.<\/em><\/p>\n<h4>&#8220;Inclusive tenho um agradecimento a fazer para os f\u00e3s, porque eles me mandaram muitas mensagens legal nesse per\u00edodo por causa da hist\u00f3ria do meu pai. Misturado ali com meus amigos na rede social, eu consegui sentir.&#8221;<\/h4>\n<p><img loading=\"lazy\" decoding=\"async\" class=\"size-large wp-image-60211 aligncenter\" src=\"https:\/\/portalpopmais.wpcomstaging.com\/wp-content\/uploads\/2020\/07\/Aglomera\u00e7\u00e3o-a-dois-BTS-3-1024x577.jpg\" alt=\"\" width=\"880\" height=\"496\" title=\"\"><\/p>\n<p><strong><em>\u2014&nbsp;<\/em>Voc\u00ea que \u00e9 a voz que marcou toda uma gera\u00e7\u00e3o, sente que pode quebrar o preconceito de pessoas acerca de outros g\u00eaneros musicais?<\/strong><\/p>\n<p><em>\u2014 O brasileiro, eu acho ele mais&nbsp;ecl\u00e9tico&nbsp;do que seguementado na hora de pensar em m\u00fasica. Participo de festivais de eventos e enxergo mais uma galera aberta. Tenho feito shows em festas que tem muito rap, funk e tem lugares que tem um sertanejo depois.&nbsp;\u2014 <\/em>Gabriel disserta sobre sua experi\u00eancia e entende a minoria que \u00e9 mais extrema&nbsp;<em>\u2014 \u00c0s vezes a m\u00fasica da Ivete n\u00e3o \u00e9 muito a praia dele, mas t\u00e1 tudo bem tamb\u00e9m.&nbsp;<\/em><\/p>\n<p>Depois dessa troca de experi\u00eancias, Gabriel O Pensador nos fala sobre a divulga\u00e7\u00e3o do single. Al\u00e9m da divulga\u00e7\u00e3o convencional, ele tamb\u00e9m criou um e-mail para poder enviar diretamente material do seu trabalho, basta enviar seu nome para <em>novadopensador@gmail.com<\/em> para receber not\u00edcias em primeira m\u00e3o. Chama-se &#8220;Inclusivo&#8221;, uma forma de a informa\u00e7\u00e3o chegar em meio a tanta informa\u00e7\u00e3o que temos hoje.<\/p>\n<div id=\"attachment_60213\" style=\"width: 890px\" class=\"wp-caption alignnone\"><img loading=\"lazy\" decoding=\"async\" aria-describedby=\"caption-attachment-60213\" class=\"size-large wp-image-60213\" src=\"https:\/\/portalpopmais.wpcomstaging.com\/wp-content\/uploads\/2020\/07\/Aglomera\u00e7\u00e3o-a-dois-foto-2-2-1024x683.jpg\" alt=\"\" width=\"880\" height=\"587\" title=\"\"><p id=\"caption-attachment-60213\" class=\"wp-caption-text\">Divulga\u00e7\u00e3o<\/p><\/div>\n<p>E o recado que o&nbsp;memor\u00e1vel&nbsp;pensador deixa para o Portal Pop Mais: <em>\u2014 Divulgar e incentivar a m\u00fasica, por que a gente precisa de m\u00fasica nesse mundo, precisa de cultura em geral para superar essa loucura que sufoca, que oprime. A m\u00fasica \u00e9&nbsp;sin\u00f4nimo&nbsp;de liberdade, \u00e9 sinonimo de for\u00e7a, de supera\u00e7\u00e3o, uni\u00e3o e express\u00e3o.<\/em><\/p>\n<p>O novo single de <strong><a href=\"https:\/\/portalpopmais.wpcomstaging.com\/?s=gabriel+o+pensador\" target=\"_blank\" rel=\"noopener\">Gabriel O Pensador<\/a>, <\/strong>chamada<em> &#8220;Aglomera\u00e7\u00e3o a 2&#8221;, <\/em>j\u00e1 est\u00e1 entre n\u00f3s! Gabriel sempre gostou de misturar outros ritmos com o rap. E desta vez nos surpreende compondo uma mistura de rap com xote e convidando<strong> Ivete Sangalo<\/strong> para um feat inesperado. \u00c9 uma can\u00e7\u00e3o de amor com alguma dose de irrever\u00eancia que demonstra a versatilidade do rapper e da cantora.<\/p>","protected":false},"excerpt":{"rendered":"<p>A voz que marcou e influenciou toda uma gera\u00e7\u00e3o bateu um papo com o Pop Mais, em mais uma de nossas entrevistas que vem ganhando destaque por serem descontra\u00eddas. Confira o que Gabriel O Pensador&nbsp;nos revelou sobre o processo de cria\u00e7\u00e3o de &#8220;Aglomera\u00e7\u00e3o a 2&#8221;,&nbsp;feat com Ivete Sangalo al\u00e9m de contar sobre suas experi\u00eancias durante [&hellip;]<\/p>\n","protected":false},"author":2,"featured_media":73934,"comment_status":"closed","ping_status":"open","sticky":false,"template":"","format":"standard","meta":{"footnotes":""},"categories":[177],"tags":[2163,3625,788],"class_list":["post-60194","post","type-post","status-publish","format-standard","has-post-thumbnail","hentry","category-entrevistas","tag-capa","tag-gabriel-o-pensador","tag-ivete-sangalo"],"_links":{"self":[{"href":"https:\/\/portalpopmais.com.br\/en\/wp-json\/wp\/v2\/posts\/60194","targetHints":{"allow":["GET"]}}],"collection":[{"href":"https:\/\/portalpopmais.com.br\/en\/wp-json\/wp\/v2\/posts"}],"about":[{"href":"https:\/\/portalpopmais.com.br\/en\/wp-json\/wp\/v2\/types\/post"}],"author":[{"embeddable":true,"href":"https:\/\/portalpopmais.com.br\/en\/wp-json\/wp\/v2\/users\/2"}],"replies":[{"embeddable":true,"href":"https:\/\/portalpopmais.com.br\/en\/wp-json\/wp\/v2\/comments?post=60194"}],"version-history":[{"count":0,"href":"https:\/\/portalpopmais.com.br\/en\/wp-json\/wp\/v2\/posts\/60194\/revisions"}],"wp:featuredmedia":[{"embeddable":true,"href":"https:\/\/portalpopmais.com.br\/en\/wp-json\/wp\/v2\/media\/73934"}],"wp:attachment":[{"href":"https:\/\/portalpopmais.com.br\/en\/wp-json\/wp\/v2\/media?parent=60194"}],"wp:term":[{"taxonomy":"category","embeddable":true,"href":"https:\/\/portalpopmais.com.br\/en\/wp-json\/wp\/v2\/categories?post=60194"},{"taxonomy":"post_tag","embeddable":true,"href":"https:\/\/portalpopmais.com.br\/en\/wp-json\/wp\/v2\/tags?post=60194"}],"curies":[{"name":"wp","href":"https:\/\/api.w.org\/{rel}","templated":true}]}}