{"id":61474,"date":"2020-08-06T19:58:51","date_gmt":"2020-08-06T22:58:51","guid":{"rendered":"https:\/\/portalpopmais.wpcomstaging.com\/?p=61474"},"modified":"2020-08-06T19:58:51","modified_gmt":"2020-08-06T22:58:51","slug":"unica-preta-da-turma-thelma-mostra-fotos-da-epoca-de-universitaria-o-tempo-faz-bem","status":"publish","type":"post","link":"https:\/\/portalpopmais.com.br\/en\/unica-preta-da-turma-thelma-mostra-fotos-da-epoca-de-universitaria-o-tempo-faz-bem\/","title":{"rendered":"\u00danica preta da turma, Thelma mostra fotos da \u00e9poca de universit\u00e1ria: &#8220;O tempo faz bem&#8221;"},"content":{"rendered":"<p>Thelma Assis, que venceu a \u00faltima edi\u00e7\u00e3o do do Big Brother Brasil, mostrou aos seguidores como era sua vida na \u00e9poca em que fazia curso de Mediciana.<\/p>\n<p>A paulistana compartilhou em seu stories no Instagram, fotos ao lado de seus colegas de turma, e ainda mostrou todos os certificados que conseguiu no decorrer da carreira.<\/p>\n<div id=\"attachment_61476\" style=\"width: 460px\" class=\"wp-caption aligncenter\"><img loading=\"lazy\" decoding=\"async\" aria-describedby=\"caption-attachment-61476\" class=\"size-full wp-image-61476\" src=\"https:\/\/portalpopmais.wpcomstaging.com\/wp-content\/uploads\/2020\/08\/IMG-20200806-WA0279.jpg\" alt=\"\" width=\"450\" height=\"337\" title=\"\"><p id=\"caption-attachment-61476\" class=\"wp-caption-text\">Foto: Reprodu\u00e7\u00e3o\u00a0<\/p><\/div>\n<p>&#8220;Ainda bem que o tempo faz bem&#8221;, comentou ela ao mostrar uma imagem ao lado do marido no dia da sua formatura e sua carteira de estudante.<\/p>\n<p>Durante sua estadia no reality global, Thelma chegou a dizer que era a \u00fanica mulher preta em sua turma de medicina, o que dava mais garra para persistir no curso dos seus sonhos.<\/p>\n<p>&#8220;Entrei [na universidade] como bolsista. Eu era a \u00fanica menina negra da minha turma. Tinham 100 pessoas, 99 eram brancas&#8221;, contou na \u00e9poca.<\/p>\n<blockquote class=\"twitter-tweet\" data-width=\"550\" data-dnt=\"true\">\n<p lang=\"pt\" dir=\"ltr\">Essa \u00e9 a foto da formatura da Thelma em medicina  , \u00e9 por isso que a discuss\u00e3o sobre meritocracia e a implementa\u00e7\u00e3o das cotas raciais s\u00e3o t\u00e3o importantes . \u270a\ud83c\udffe<a href=\"https:\/\/twitter.com\/hashtag\/BBB20?src=hash&amp;ref_src=twsrc%5Etfw\" target=\"_blank\" rel=\"noopener\">#BBB20<\/a> <a href=\"https:\/\/t.co\/vcR8xwQzyK\">pic.twitter.com\/vcR8xwQzyK<\/a><\/p>\n<p>&mdash; Portal Thelma Assis \ud83c\udfad (@thelmaportal) <a href=\"https:\/\/twitter.com\/thelmaportal\/status\/1247909073946906629?ref_src=twsrc%5Etfw\" target=\"_blank\" rel=\"noopener\">April 8, 2020<\/a><\/p><\/blockquote>\n<p><script async src=\"https:\/\/platform.twitter.com\/widgets.js\" charset=\"utf-8\"><\/script><\/p>\n","protected":false},"excerpt":{"rendered":"<p>Thelma Assis, que venceu a \u00faltima edi\u00e7\u00e3o do do Big Brother Brasil, mostrou aos seguidores como era sua vida na \u00e9poca em que fazia curso de Mediciana. A paulistana compartilhou em seu stories no Instagram, fotos ao lado de seus colegas de turma, e ainda mostrou todos os certificados que conseguiu no decorrer da carreira. [&hellip;]<\/p>\n","protected":false},"author":3,"featured_media":61476,"comment_status":"closed","ping_status":"open","sticky":false,"template":"","format":"standard","meta":{"footnotes":""},"categories":[173],"tags":[2249],"class_list":["post-61474","post","type-post","status-publish","format-standard","has-post-thumbnail","hentry","category-celebridades","tag-thelma-assis"],"_links":{"self":[{"href":"https:\/\/portalpopmais.com.br\/en\/wp-json\/wp\/v2\/posts\/61474","targetHints":{"allow":["GET"]}}],"collection":[{"href":"https:\/\/portalpopmais.com.br\/en\/wp-json\/wp\/v2\/posts"}],"about":[{"href":"https:\/\/portalpopmais.com.br\/en\/wp-json\/wp\/v2\/types\/post"}],"author":[{"embeddable":true,"href":"https:\/\/portalpopmais.com.br\/en\/wp-json\/wp\/v2\/users\/3"}],"replies":[{"embeddable":true,"href":"https:\/\/portalpopmais.com.br\/en\/wp-json\/wp\/v2\/comments?post=61474"}],"version-history":[{"count":0,"href":"https:\/\/portalpopmais.com.br\/en\/wp-json\/wp\/v2\/posts\/61474\/revisions"}],"wp:attachment":[{"href":"https:\/\/portalpopmais.com.br\/en\/wp-json\/wp\/v2\/media?parent=61474"}],"wp:term":[{"taxonomy":"category","embeddable":true,"href":"https:\/\/portalpopmais.com.br\/en\/wp-json\/wp\/v2\/categories?post=61474"},{"taxonomy":"post_tag","embeddable":true,"href":"https:\/\/portalpopmais.com.br\/en\/wp-json\/wp\/v2\/tags?post=61474"}],"curies":[{"name":"wp","href":"https:\/\/api.w.org\/{rel}","templated":true}]}}