{"id":62103,"date":"2020-08-13T09:20:09","date_gmt":"2020-08-13T12:20:09","guid":{"rendered":"https:\/\/portalpopmais.wpcomstaging.com\/?p=62103"},"modified":"2020-08-13T09:20:09","modified_gmt":"2020-08-13T12:20:09","slug":"apos-paralisacao-por-conta-da-pandemia-producao-de-the-witcher-e-retomada","status":"publish","type":"post","link":"https:\/\/portalpopmais.com.br\/en\/apos-paralisacao-por-conta-da-pandemia-producao-de-the-witcher-e-retomada\/","title":{"rendered":"Ap\u00f3s paralisa\u00e7\u00e3o por conta da pandemia, produ\u00e7\u00e3o de &#8220;The Witcher&#8221; \u00e9 retomada"},"content":{"rendered":"<p><strong>Stephen Surjik<\/strong>, diretor de <em>&#8220;The Witcher&#8221;<\/em> utilizou suas redes socais para revelar que a produ\u00e7\u00e3o do show j\u00e1 foi retomada. Pelo <a href=\"https:\/\/twitter.com\/portalpopmais\" target=\"_blank\" rel=\"noopener noreferrer\">Twitter<\/a>, o diretor divulgou uma foto com a \u00a0showrunner<strong> Lauren S. Hissrich<\/strong>.<\/p>\n<p>Paralisada por conta da pandemia causada pelo coronav\u00edrus, a 2\u00aa temporada ainda n\u00e3o teve sua data de lan\u00e7amento divulgada pela <strong>Netflix<\/strong>. Vale lembrar que al\u00e9m da paralisa\u00e7\u00e3o, o <strong>Kristofer Hivju <\/strong>havia testado positivo para a Covid-19, o que dificultou o processo de retomada das grava\u00e7\u00f5es.<\/p>\n<blockquote class=\"twitter-tweet\" data-width=\"550\" data-dnt=\"true\">\n<p lang=\"en\" dir=\"ltr\">It&#39;s our fourth show together, and the farthest we&#39;ve ever sat apart, but <a href=\"https:\/\/twitter.com\/SSurjik?ref_src=twsrc%5Etfw\" target=\"_blank\" rel=\"noopener\">@SSurjik<\/a> and I are ready to do this. <a href=\"https:\/\/t.co\/9Qh4xaDvMY\">https:\/\/t.co\/9Qh4xaDvMY<\/a><\/p>\n<p>&mdash; Lauren S. Hissrich (@LHissrich) <a href=\"https:\/\/twitter.com\/LHissrich\/status\/1291383846458580992?ref_src=twsrc%5Etfw\" target=\"_blank\" rel=\"noopener\">August 6, 2020<\/a><\/p><\/blockquote>\n<p><script async src=\"https:\/\/platform.twitter.com\/widgets.js\" charset=\"utf-8\"><\/script><\/p>","protected":false},"excerpt":{"rendered":"<p>Stephen Surjik, diretor de &#8220;The Witcher&#8221; utilizou suas redes socais para revelar que a produ\u00e7\u00e3o do show j\u00e1 foi retomada. Pelo Twitter, o diretor divulgou uma foto com a \u00a0showrunner Lauren S. Hissrich. Paralisada por conta da pandemia causada pelo coronav\u00edrus, a 2\u00aa temporada ainda n\u00e3o teve sua data de lan\u00e7amento divulgada pela Netflix. Vale [&hellip;]<\/p>\n","protected":false},"author":7,"featured_media":62107,"comment_status":"closed","ping_status":"open","sticky":false,"template":"","format":"standard","meta":{"footnotes":""},"categories":[174],"tags":[231,2730,2979,2980,2731],"class_list":["post-62103","post","type-post","status-publish","format-standard","has-post-thumbnail","hentry","category-filmes-series","tag-netflix","tag-the-witcher","tag-the-witcher-2a-temporada","tag-the-witcher-2a-temporada-netflix","tag-the-witcher-netflix"],"_links":{"self":[{"href":"https:\/\/portalpopmais.com.br\/en\/wp-json\/wp\/v2\/posts\/62103","targetHints":{"allow":["GET"]}}],"collection":[{"href":"https:\/\/portalpopmais.com.br\/en\/wp-json\/wp\/v2\/posts"}],"about":[{"href":"https:\/\/portalpopmais.com.br\/en\/wp-json\/wp\/v2\/types\/post"}],"author":[{"embeddable":true,"href":"https:\/\/portalpopmais.com.br\/en\/wp-json\/wp\/v2\/users\/7"}],"replies":[{"embeddable":true,"href":"https:\/\/portalpopmais.com.br\/en\/wp-json\/wp\/v2\/comments?post=62103"}],"version-history":[{"count":0,"href":"https:\/\/portalpopmais.com.br\/en\/wp-json\/wp\/v2\/posts\/62103\/revisions"}],"wp:featuredmedia":[{"embeddable":true,"href":"https:\/\/portalpopmais.com.br\/en\/wp-json\/"}],"wp:attachment":[{"href":"https:\/\/portalpopmais.com.br\/en\/wp-json\/wp\/v2\/media?parent=62103"}],"wp:term":[{"taxonomy":"category","embeddable":true,"href":"https:\/\/portalpopmais.com.br\/en\/wp-json\/wp\/v2\/categories?post=62103"},{"taxonomy":"post_tag","embeddable":true,"href":"https:\/\/portalpopmais.com.br\/en\/wp-json\/wp\/v2\/tags?post=62103"}],"curies":[{"name":"wp","href":"https:\/\/api.w.org\/{rel}","templated":true}]}}