{"id":62401,"date":"2020-08-14T21:46:40","date_gmt":"2020-08-15T00:46:40","guid":{"rendered":"https:\/\/portalpopmais.wpcomstaging.com\/?p=62401"},"modified":"2020-08-14T21:46:40","modified_gmt":"2020-08-15T00:46:40","slug":"sienna-lanca-single-de-bem-com-a-vida","status":"publish","type":"post","link":"https:\/\/portalpopmais.com.br\/en\/sienna-lanca-single-de-bem-com-a-vida\/","title":{"rendered":"Sienna lan\u00e7a single \u201cDe Bem Com a Vida\u201d"},"content":{"rendered":"<p>Madura, confiante e certa dos caminhos que deseja trilhar, assim, Sienna segue com sua nova fase, que est\u00e1 repleta de novidades. Sua nova can\u00e7\u00e3o\u00a0<b><i>&#8220;De Bem Com a Vida&#8221;<\/i><\/b>, j\u00e1 est\u00e1 pronta pra sair do forno e no pr\u00f3ximo dia 14, os f\u00e3s, certamente, ir\u00e3o se surpreender.<\/p>\n<p>Respeitando todas as normas da Organiza\u00e7\u00e3o Mundial da Sa\u00fade, o clipe, gravado em S\u00e3o Paulo, contou com uma equipe reduzida de profissionais, o que n\u00e3o impactou no resultado final. Nas imagens, \u00e9 poss\u00edvel notar toda desenvoltura da cantora, que \u00e9 tamb\u00e9m atriz, facilitando assim, sua desinibi\u00e7\u00e3o no set. Atualmente,\u00a0nas telinhas, ela estrela &#8220;Bugados&#8221;, o primeiro sitcom do canal Gloob, reafirmando seu talento indo ao ar, todos os dias, na segunda temporada da s\u00e9rie.<\/p>\n<p>&#8220;Estou ansiosa para este lan\u00e7amento, h\u00e1 pouco tempo eu disponibilizei \u00b4Fa\u00e7a o Bem\u00b4, mas,\u00a0<b><i>\u00b4De Bem Com a Vida\u00b4<\/i><\/b>, chega com outra proposta, apresentando, de fato, para todos que me acompanham, sobre meu novo universo e tudo que eu quero mostrar, daqui pra frente. Esta m\u00fasica \u00e9 muito especial, gravamos o clipe em est\u00fadio, escolhemos tudo com muito carinho e tenho certeza que todos v\u00e3o amar, assim como eu&#8221;, conta Sienna.<\/p>\n<p>A dire\u00e7\u00e3o ficou por conta de\u00a0Lucas Romor, respons\u00e1vel por cases de sucesso como &#8220;Me Solta&#8221;, do cantor Nego do Borel. Neste projeto, ele apostou em cores atraentes, que traduz toda passagem para adolesc\u00eancia.<\/p>\n<p>O\u00a0ritmo vibrante, produzido pelo produtor uruguaio Cabrera, embalou Sienna e duas bailarinas, que acompanharam cada compasso e junto da artista, fizeram quest\u00e3o de repetir todos os movimentos, buscando o melhor desempenho.<\/p>\n<p>Para quem deseja saber aonde Sienna quer chegar? O sorriso e olhar respondem essa e outras perguntas sobre o futuro, ali \u00e9 seu lugar, frente \u00e0s c\u00e2meras, dan\u00e7ando, cantando e fazendo o que melhor sabe, trazendo sua verdade ao seu fiel p\u00fablico.<\/p>\n<p>&#8220;Quero conquistar o mundo com minha arte, \u00e9 o que mais amo fazer. Mesmo com minha pouca idade, me sinto realizada, e em cada novo passo, tenho uma certeza, quero seguir com minhas profiss\u00f5es pro resto da minha vida.&#8221;, finaliza.<\/p>\n<p>Confira:<\/p>\n<p><iframe loading=\"lazy\" title=\"Sienna - De Bem Com A Vida (Clipe Oficial)\" width=\"880\" height=\"495\" src=\"https:\/\/www.youtube.com\/embed\/UgNFuFXTq38?feature=oembed\" frameborder=\"0\" allow=\"accelerometer; autoplay; clipboard-write; encrypted-media; gyroscope; picture-in-picture\" allowfullscreen><\/iframe><\/p>\n<p>&nbsp;<\/p>","protected":false},"excerpt":{"rendered":"<p>Madura, confiante e certa dos caminhos que deseja trilhar, assim, Sienna segue com sua nova fase, que est\u00e1 repleta de novidades. Sua nova can\u00e7\u00e3o\u00a0&#8220;De Bem Com a Vida&#8221;, j\u00e1 est\u00e1 pronta pra sair do forno e no pr\u00f3ximo dia 14, os f\u00e3s, certamente, ir\u00e3o se surpreender. Respeitando todas as normas da Organiza\u00e7\u00e3o Mundial da Sa\u00fade, [&hellip;]<\/p>\n","protected":false},"author":1,"featured_media":62404,"comment_status":"closed","ping_status":"open","sticky":false,"template":"","format":"video","meta":{"footnotes":""},"categories":[154,183],"tags":[4128],"class_list":["post-62401","post","type-post","status-publish","format-video","has-post-thumbnail","hentry","category-musica","category-videos","tag-sienna","post_format-post-format-video"],"_links":{"self":[{"href":"https:\/\/portalpopmais.com.br\/en\/wp-json\/wp\/v2\/posts\/62401","targetHints":{"allow":["GET"]}}],"collection":[{"href":"https:\/\/portalpopmais.com.br\/en\/wp-json\/wp\/v2\/posts"}],"about":[{"href":"https:\/\/portalpopmais.com.br\/en\/wp-json\/wp\/v2\/types\/post"}],"author":[{"embeddable":true,"href":"https:\/\/portalpopmais.com.br\/en\/wp-json\/wp\/v2\/users\/1"}],"replies":[{"embeddable":true,"href":"https:\/\/portalpopmais.com.br\/en\/wp-json\/wp\/v2\/comments?post=62401"}],"version-history":[{"count":0,"href":"https:\/\/portalpopmais.com.br\/en\/wp-json\/wp\/v2\/posts\/62401\/revisions"}],"wp:featuredmedia":[{"embeddable":true,"href":"https:\/\/portalpopmais.com.br\/en\/wp-json\/"}],"wp:attachment":[{"href":"https:\/\/portalpopmais.com.br\/en\/wp-json\/wp\/v2\/media?parent=62401"}],"wp:term":[{"taxonomy":"category","embeddable":true,"href":"https:\/\/portalpopmais.com.br\/en\/wp-json\/wp\/v2\/categories?post=62401"},{"taxonomy":"post_tag","embeddable":true,"href":"https:\/\/portalpopmais.com.br\/en\/wp-json\/wp\/v2\/tags?post=62401"}],"curies":[{"name":"wp","href":"https:\/\/api.w.org\/{rel}","templated":true}]}}