{"id":62671,"date":"2020-08-17T18:04:45","date_gmt":"2020-08-17T21:04:45","guid":{"rendered":"https:\/\/portalpopmais.wpcomstaging.com\/?p=62671"},"modified":"2020-08-17T18:04:45","modified_gmt":"2020-08-17T21:04:45","slug":"elisa-maia-lanca-videoclipe-para-a-inedita-luas-pra-tantas-faces","status":"publish","type":"post","link":"https:\/\/portalpopmais.com.br\/en\/elisa-maia-lanca-videoclipe-para-a-inedita-luas-pra-tantas-faces\/","title":{"rendered":"Elisa Maia lan\u00e7a videoclipe para a in\u00e9dita \u201cLuas pra Tantas Faces\u201d"},"content":{"rendered":"<p>Pronta para uma s\u00e9rie de lan\u00e7amentos previstos para esse ano, <strong>Elisa Maia<\/strong>\u00a0acaba de divulgar videoclipe para a in\u00e9dita <em>\u201cLuas pra Tantas Faces\u201d<\/em>. A faixa, dispon\u00edvel em todas as plataformas digitais, marca a estreia da cantora como produtora musical, em parceria com o amazonense Bruno Prestes, e tem as participa\u00e7\u00f5es especiais da baterista carioca Larissa Conforto, que assina atualmente como \u00c0iy\u00e9, e do vocalista\/pianista Ian Fonseca, da banda Supercolisor.<\/p>\n<p>Composta h\u00e1 pelo menos tr\u00eas anos, a can\u00e7\u00e3o j\u00e1 refletia sobre uma certa estranheza com os tempos atuais. Na letra, mesmo que sensorialmente, a artista fala sobre \u2018tentar escapar de desconfortos j\u00e1 instalados pela manh\u00e3\u2019. Logo em seguida, ela decreta: <em>\u201cou muda a vibe ou muda a atmosfera\u201d<\/em>. <em>\u201cMesmo admitindo ang\u00fastia, seja nessa mensagem literal ou no clima denso que o registro traz, acredito que expor vulnerabilidade fortalece minha humanidade e aponta caminhos para a reden\u00e7\u00e3o. Inclusive, como mulher negra que sou. Quero que esse trabalho seja trilha sonora para quando precisamos pensar em mudan\u00e7as poss\u00edveis ou perceber que uma hist\u00f3ria ruim tamb\u00e9m pode ter novas formas \u2013 realistas e positivas &#8211; de serem vividas e contadas\u201d.<\/em><\/p>\n<p>Na estrutura mel\u00f3dica-harm\u00f4nica, retratos \u201cbrincam\u201d com altos e baixos. \u201cTudo come\u00e7a com uma sequ\u00eancia simples de acordes menores que v\u00e3o alcan\u00e7ando novas camadas, refor\u00e7ando a ideia de que vivermos \u2013 em um s\u00f3 dia &#8211; in\u00fameras emo\u00e7\u00f5es\u201d.<\/p>\n<p>Somando quase 5 minutos, \u2018Luas pra Tantas Faces\u2019 segue um clima anos 90, aliando guitarras pesadas e sujas \u00e0 vocais com influ\u00eancia R&amp;B, costurados por programa\u00e7\u00f5es eletr\u00f4nicas que remontam drum\u2019n\u2019bass e bases de reggae.<\/p>\n<p>Entre as principais refer\u00eancias, nomes que v\u00e3o de Alanis Morissette, Gwen Stefani, Fiona Apple, Lauryn Hill, TLC, Brandy &amp; Monica at\u00e9 Na\u00e7\u00e3o Zumbi e bandas amazonenses como Charlie Perfume e Deskarados.<\/p>\n<p>Para a vers\u00e3o audiovisual, Elisa Maia &#8211; que em 2019 deixou o Centro de Manaus para voltar \u00e0 zona norte, periferia da cidade onde passou toda a adolesc\u00eancia e in\u00edcio da vida adulta &#8211; escolheu a casa rec\u00e9m constru\u00edda no terreno da fam\u00edlia para ambientar seu primeiro videoclipe. A sala ampla e branca, o quintal arborizado, a laje e todas as ra\u00edzes cotidianas foram loca\u00e7\u00f5es perfeitas para a produ\u00e7\u00e3o.<\/p>\n<div id=\"attachment_62673\" style=\"width: 3010px\" class=\"wp-caption aligncenter\"><img loading=\"lazy\" decoding=\"async\" aria-describedby=\"caption-attachment-62673\" class=\"size-full wp-image-62673\" src=\"https:\/\/portalpopmais.wpcomstaging.com\/wp-content\/uploads\/2020\/08\/15.-Elisa-Maia-_-Foto-Anna-Suav.jpg\" alt=\"Elisa Maia (Foto: Anna Suav)\" width=\"3000\" height=\"2000\" title=\"\"><p id=\"caption-attachment-62673\" class=\"wp-caption-text\">Elisa Maia (Foto: Anna Suav)<\/p><\/div>\n<p>Entre uma imagem e outra, tra\u00e7os de uma atmosfera glamourosa, lunar, azul, mas ao mesmo tempo extremamente \u00edntima, como quem sai do banho de toalha na cabe\u00e7a. Em contraponto, uma implac\u00e1vel cortadora de verduras habita o local, exibindo suas armas, dan\u00e7ando, se deliciando, ritualizando com frutas e caf\u00e9. Para fechar, retratando com alguma fidelidade, o bairro onde vive (Cidade de Deus) num entorno cheio de casas em paredes de tijolo sem rebocos e os limites verdes que levam \u00e0 maior floresta em \u00e1rea urbana do pa\u00eds, a 100 metros dali.<\/p>\n<p>O pai da cantora, Rosalvo, ou Seu Baiano como era conhecido, que nos \u00faltimos anos vinha debilitado por conta de doen\u00e7a card\u00edaca, participou das filmagens dando suporte \u00e0 equipe. Ele faleceu no dia 31 de maio deste ano. O videoclipe \u2018Luas pra Tantas Faces\u2019 \u00e9 dedicado \u00e0 ele e a todos que perderam pessoas importantes nesse per\u00edodo de pandemia e quarentena.<\/p>\n<p>Denso, et\u00e9reo e transformador, o projeto audiovisual teve dire\u00e7\u00e3o de Victor Kaleb, fotografia de Robert Coelho e concep\u00e7\u00e3o de arte e figurino por An\u00e1lia Nogueira. Samya Carvalho assina a montagem e Marcelo Rodriguez a corre\u00e7\u00e3o de cor.<\/p>\n<p>A Track foi mixada por Rafaela Prestes e masterizada por Fernando Sanches, no Est\u00fadio El Rocha.<\/p>\n<p>Confira:<\/p>\n<p><iframe loading=\"lazy\" title=\"Elisa Maia | Luas pra tantas faces [Videoclipe Oficial]\" width=\"880\" height=\"495\" src=\"https:\/\/www.youtube.com\/embed\/P0Z3lNmO-Tk?feature=oembed\" frameborder=\"0\" allow=\"accelerometer; autoplay; clipboard-write; encrypted-media; gyroscope; picture-in-picture\" allowfullscreen><\/iframe><\/p>\n<h3>Sobre Elisa Maia<\/h3>\n<p>Cantora, compositora e produtora cultural, Elisa Maia, nascida em Manaus, capital do Amazonas (Brasil), \u00e9 toda feita de m\u00fasica.<\/p>\n<p>Filha de pais que cantavam na igreja, assim que p\u00f4de j\u00e1 reproduzia as can\u00e7\u00f5es com eles em n\u00fameros especiais aos domingos. Aos 8 anos. iniciou seus aprendizados no Centro de Artes da Universidade Federal do Amazonas &#8211; CAUA, onde durante 10 anos estudou piano, flauta e viol\u00e3o. Tamb\u00e9m participou desde crian\u00e7a de corais, mais tarde sendo regente. Aos 21 anos, iniciou sua trajet\u00f3ria art\u00edstica, integrando a banda amazonense de reggae Johnny Jack Mesclado. Com o grupo, circulou por diversos Estados brasileiros e gravou dois \u00e1lbuns (\u2018Que Jah Aben\u00e7oe\u2019 e \u2018Luz de Ra\u00edz\u2019). Ainda compondo o projeto, Elisa cursou a faculdade de Arquitetura e Urbanismo, chegando a atuar na \u00e1rea. Mas, em 2010, deixou a Arquitetura definitivamente e al\u00e9m de se dedicar \u00e0 carreira musical, passou a integrar o grupo Coletivo Difus\u00e3o, com quem at\u00e9 hoje desenvolve projetos na \u00e1rea da cultura como o Festival At\u00e9 o Tucupi que h\u00e1 14 anos acontece ininterruptamente e o Festival Somas _ Parada Musical de Mulheres, que em 2018 e 2019 prop\u00f4s um espa\u00e7o de reflex\u00e3o e difus\u00e3o das artes, 100% protagonizado por mulheres na cidade de Manaus\/AM. Em 2013, j\u00e1 em seu trabalho solo, lan\u00e7ou o EP \u2018Ser da Cidade\u2019, com 05 m\u00fasicas, todas compostas por ela, gravadas e produzidas em Bel\u00e9m\/PA, pelo inventivo produtor Leo Chermont (guitarrista do duo Strobo). O EP tamb\u00e9m contou com mixagem e masteriza\u00e7\u00e3o por Alex Moreira (RJ), da banda Bossacucanova. Ainda em 2013, Elisa Maia saiu em turn\u00ea apresentando seu \u2018Ser da Cidade\u2019, numa circula\u00e7\u00e3o in\u00e9dita, percorrendo 06 capitais da regi\u00e3o norte &#8211; Bel\u00e9m\/PA, Macap\u00e1\/AP, Porto Velho\/RR, Rio Branco\/AC, Boa Vista\/RR e Manaus\/AM -, numa jornada de 10 dias e quase 15 mil quil\u00f4metros percorridos. Desde 2017 a artista vem compondo e produzindo m\u00fasicas novas que ser\u00e3o lan\u00e7adas ainda em 2020.<\/p>\n<p>&nbsp;<\/p>\n<p>&nbsp;<\/p>\n","protected":false},"excerpt":{"rendered":"<p>Pronta para uma s\u00e9rie de lan\u00e7amentos previstos para esse ano, Elisa Maia\u00a0acaba de divulgar videoclipe para a in\u00e9dita \u201cLuas pra Tantas Faces\u201d. A faixa, dispon\u00edvel em todas as plataformas digitais, marca a estreia da cantora como produtora musical, em parceria com o amazonense Bruno Prestes, e tem as participa\u00e7\u00f5es especiais da baterista carioca Larissa Conforto, [&hellip;]<\/p>\n","protected":false},"author":1,"featured_media":62676,"comment_status":"closed","ping_status":"open","sticky":false,"template":"","format":"standard","meta":{"footnotes":""},"categories":[154,183],"tags":[4238],"class_list":["post-62671","post","type-post","status-publish","format-standard","has-post-thumbnail","hentry","category-musica","category-videos","tag-elisa-maia"],"_links":{"self":[{"href":"https:\/\/portalpopmais.com.br\/en\/wp-json\/wp\/v2\/posts\/62671","targetHints":{"allow":["GET"]}}],"collection":[{"href":"https:\/\/portalpopmais.com.br\/en\/wp-json\/wp\/v2\/posts"}],"about":[{"href":"https:\/\/portalpopmais.com.br\/en\/wp-json\/wp\/v2\/types\/post"}],"author":[{"embeddable":true,"href":"https:\/\/portalpopmais.com.br\/en\/wp-json\/wp\/v2\/users\/1"}],"replies":[{"embeddable":true,"href":"https:\/\/portalpopmais.com.br\/en\/wp-json\/wp\/v2\/comments?post=62671"}],"version-history":[{"count":0,"href":"https:\/\/portalpopmais.com.br\/en\/wp-json\/wp\/v2\/posts\/62671\/revisions"}],"wp:attachment":[{"href":"https:\/\/portalpopmais.com.br\/en\/wp-json\/wp\/v2\/media?parent=62671"}],"wp:term":[{"taxonomy":"category","embeddable":true,"href":"https:\/\/portalpopmais.com.br\/en\/wp-json\/wp\/v2\/categories?post=62671"},{"taxonomy":"post_tag","embeddable":true,"href":"https:\/\/portalpopmais.com.br\/en\/wp-json\/wp\/v2\/tags?post=62671"}],"curies":[{"name":"wp","href":"https:\/\/api.w.org\/{rel}","templated":true}]}}