{"id":63325,"date":"2020-08-23T19:48:52","date_gmt":"2020-08-23T22:48:52","guid":{"rendered":"https:\/\/portalpopmais.wpcomstaging.com\/?p=63325"},"modified":"2020-08-23T19:48:52","modified_gmt":"2020-08-23T22:48:52","slug":"eduardo-costa-se-diz-arrependido-por-ter-votado-em-bolsonaro-o-jumento-era-eu","status":"publish","type":"post","link":"https:\/\/portalpopmais.com.br\/en\/eduardo-costa-se-diz-arrependido-por-ter-votado-em-bolsonaro-o-jumento-era-eu\/","title":{"rendered":"Eduardo Costa se diz arrependido por ter votado em Bolsonaro: &#8220;O jumento era eu&#8221;"},"content":{"rendered":"<p>Eduardo Costa, muito conhecido no mundo sertanejo por ter uma opini\u00e3o forte, ainda mais quando o assunto \u00e9 pol\u00edtica, disse estar arrependido de suas posi\u00e7\u00f5es, principalmente por ter feito campanha para o presidente Bolsonaro em 2018.<\/p>\n<p>Durante uma coletiva \u00e0 imprensa, o sertanejo chegou a revelar que atualmente est\u00e1 com um pensamento diferente do que tinha h\u00e1 anos atr\u00e1s. &#8220;Hoje n\u00e3o tenho mais uma ideologia, sou um cara neutro. E n\u00e3o por causa das pancadas que tomei, mas porque eu comecei a olhar o outro lado\u201d, afirmou.<\/p>\n<p>Nesta sua nova vis\u00e3o sobre o cen\u00e1rio pol\u00edtico, Eduardo garantiu que uma vis\u00e3o extremista, como tinha antes, o fez parecer bobo e desequilibrado. &#8220;Aprendi que n\u00f3s n\u00e3o devemos ser pessoas extremistas. Quando voc\u00ea entra no meio pol\u00edtico, e \u00e9 extremo, voc\u00ea \u00e9 um bobo. N\u00f3s precisamos ser pessoas equilibradas e eu fui um desequilibrado naquele momento\u201d.<\/p>\n<p>Ap\u00f3s anos de apoio ao que se dizia &#8220;correto&#8221;, por pregar os &#8220;bons costumes&#8221;, o cantor aprendeu que \u00e9 necess\u00e1rio ver os dois lados da moeda antes de falar e defender posicionamentos que n\u00e3o beneficiam a maioria da popula\u00e7\u00e3o .<\/p>\n<p>\u201c\u00c0s vezes a gente pensa que sabe mais que todo mundo. Mas, quando me coloquei no lugar das pessoas, descobri que o jumento era eu\u201d, brincou.<\/p>","protected":false},"excerpt":{"rendered":"<p>Eduardo Costa, muito conhecido no mundo sertanejo por ter uma opini\u00e3o forte, ainda mais quando o assunto \u00e9 pol\u00edtica, disse estar arrependido de suas posi\u00e7\u00f5es, principalmente por ter feito campanha para o presidente Bolsonaro em 2018. Durante uma coletiva \u00e0 imprensa, o sertanejo chegou a revelar que atualmente est\u00e1 com um pensamento diferente do que [&hellip;]<\/p>\n","protected":false},"author":3,"featured_media":63326,"comment_status":"closed","ping_status":"open","sticky":false,"template":"","format":"standard","meta":{"footnotes":""},"categories":[173],"tags":[477,790],"class_list":["post-63325","post","type-post","status-publish","format-standard","has-post-thumbnail","hentry","category-celebridades","tag-bolsonaro","tag-eduardo-costa"],"_links":{"self":[{"href":"https:\/\/portalpopmais.com.br\/en\/wp-json\/wp\/v2\/posts\/63325","targetHints":{"allow":["GET"]}}],"collection":[{"href":"https:\/\/portalpopmais.com.br\/en\/wp-json\/wp\/v2\/posts"}],"about":[{"href":"https:\/\/portalpopmais.com.br\/en\/wp-json\/wp\/v2\/types\/post"}],"author":[{"embeddable":true,"href":"https:\/\/portalpopmais.com.br\/en\/wp-json\/wp\/v2\/users\/3"}],"replies":[{"embeddable":true,"href":"https:\/\/portalpopmais.com.br\/en\/wp-json\/wp\/v2\/comments?post=63325"}],"version-history":[{"count":0,"href":"https:\/\/portalpopmais.com.br\/en\/wp-json\/wp\/v2\/posts\/63325\/revisions"}],"wp:attachment":[{"href":"https:\/\/portalpopmais.com.br\/en\/wp-json\/wp\/v2\/media?parent=63325"}],"wp:term":[{"taxonomy":"category","embeddable":true,"href":"https:\/\/portalpopmais.com.br\/en\/wp-json\/wp\/v2\/categories?post=63325"},{"taxonomy":"post_tag","embeddable":true,"href":"https:\/\/portalpopmais.com.br\/en\/wp-json\/wp\/v2\/tags?post=63325"}],"curies":[{"name":"wp","href":"https:\/\/api.w.org\/{rel}","templated":true}]}}