{"id":63993,"date":"2020-08-31T14:03:04","date_gmt":"2020-08-31T17:03:04","guid":{"rendered":"https:\/\/portalpopmais.wpcomstaging.com\/?p=63993"},"modified":"2020-08-31T14:03:04","modified_gmt":"2020-08-31T17:03:04","slug":"apos-cancer-no-pulmao-ana-maria-braga-e-diagnosticada-com-pneumonia-e-e-afastada-da-tv","status":"publish","type":"post","link":"https:\/\/portalpopmais.com.br\/en\/apos-cancer-no-pulmao-ana-maria-braga-e-diagnosticada-com-pneumonia-e-e-afastada-da-tv\/","title":{"rendered":"Ap\u00f3s c\u00e2ncer no pulm\u00e3o, Ana Maria Braga \u00e9 diagnosticada com pneumonia e \u00e9 afastada da TV"},"content":{"rendered":"<p>Ana Maria Braga precisar\u00e1 se ausentar do seu quadro matinal no &#8216;Encontro&#8217;, ap\u00f3s ser diagnosticada com pneumonia. Quem deu a not\u00edcia foi a apresentadora do matinal, F\u00e1tima Bernardes, na manh\u00e3 desta segunda-feira (31).<\/p>\n<p>F\u00e1tima garantiu que Ana est\u00e1 seguindo a risca os protocolos m\u00e9dicos e ficar\u00e1 em repouso em casa. No manh\u00e3 de hoje, foi reprisada uma outra receita do &#8216;Mais Voc\u00ea&#8217;, no lugar da presen\u00e7a da loira.<\/p>\n<p>&#8220;Hoje n\u00e3o teremos a Ana e o Louro Jos\u00e9 aqui, ao vivo. Ela est\u00e1 em casa, de repouso. Essa \u00e9 uma recomenda\u00e7\u00e3o m\u00e9dica para ela se recuperar de uma pneumonia que foi descoberta no s\u00e1bado&#8221;, afirmou F\u00e1tima. &#8220;Nesse per\u00edodo da pandemia, a gente sabe que os cuidados devem ser redobrados. Ana, que voc\u00ea se recupere logo, volte logo! Mas fique bem. A gente vai cuidando aqui do que pode&#8221;, finalizou.<\/p>\n<p>Vale lembrar que a &#8220;m\u00e3e&#8221; do louro Jos\u00e9 acabou de sair de um tratamento \u00e1rduo contra um c\u00e2ncer no pulm\u00e3o.<\/p>","protected":false},"excerpt":{"rendered":"<p>Ana Maria Braga precisar\u00e1 se ausentar do seu quadro matinal no &#8216;Encontro&#8217;, ap\u00f3s ser diagnosticada com pneumonia. Quem deu a not\u00edcia foi a apresentadora do matinal, F\u00e1tima Bernardes, na manh\u00e3 desta segunda-feira (31). F\u00e1tima garantiu que Ana est\u00e1 seguindo a risca os protocolos m\u00e9dicos e ficar\u00e1 em repouso em casa. No manh\u00e3 de hoje, foi [&hellip;]<\/p>\n","protected":false},"author":3,"featured_media":63996,"comment_status":"closed","ping_status":"open","sticky":false,"template":"","format":"standard","meta":{"footnotes":""},"categories":[181],"tags":[179,1665],"class_list":["post-63993","post","type-post","status-publish","format-standard","has-post-thumbnail","hentry","category-televisao","tag-ana-maria-braga","tag-tv-globo"],"_links":{"self":[{"href":"https:\/\/portalpopmais.com.br\/en\/wp-json\/wp\/v2\/posts\/63993","targetHints":{"allow":["GET"]}}],"collection":[{"href":"https:\/\/portalpopmais.com.br\/en\/wp-json\/wp\/v2\/posts"}],"about":[{"href":"https:\/\/portalpopmais.com.br\/en\/wp-json\/wp\/v2\/types\/post"}],"author":[{"embeddable":true,"href":"https:\/\/portalpopmais.com.br\/en\/wp-json\/wp\/v2\/users\/3"}],"replies":[{"embeddable":true,"href":"https:\/\/portalpopmais.com.br\/en\/wp-json\/wp\/v2\/comments?post=63993"}],"version-history":[{"count":0,"href":"https:\/\/portalpopmais.com.br\/en\/wp-json\/wp\/v2\/posts\/63993\/revisions"}],"wp:featuredmedia":[{"embeddable":true,"href":"https:\/\/portalpopmais.com.br\/en\/wp-json\/"}],"wp:attachment":[{"href":"https:\/\/portalpopmais.com.br\/en\/wp-json\/wp\/v2\/media?parent=63993"}],"wp:term":[{"taxonomy":"category","embeddable":true,"href":"https:\/\/portalpopmais.com.br\/en\/wp-json\/wp\/v2\/categories?post=63993"},{"taxonomy":"post_tag","embeddable":true,"href":"https:\/\/portalpopmais.com.br\/en\/wp-json\/wp\/v2\/tags?post=63993"}],"curies":[{"name":"wp","href":"https:\/\/api.w.org\/{rel}","templated":true}]}}