{"id":64177,"date":"2020-09-02T11:36:55","date_gmt":"2020-09-02T14:36:55","guid":{"rendered":"https:\/\/portalpopmais.wpcomstaging.com\/?p=64177"},"modified":"2020-09-02T11:36:55","modified_gmt":"2020-09-02T14:36:55","slug":"apos-ferias-em-ibiza-neymar-testa-positivo-para-covid-19","status":"publish","type":"post","link":"https:\/\/portalpopmais.com.br\/en\/apos-ferias-em-ibiza-neymar-testa-positivo-para-covid-19\/","title":{"rendered":"Ap\u00f3s f\u00e9rias em Ibiza, Neymar testa positivo para covid-19, afirma jornal"},"content":{"rendered":"<p><strong>Neymar<\/strong> est\u00e1 com covid-19! A informa\u00e7\u00e3o foi divulgada na manh\u00e3 desta quarta-feira (2) pelo jornal franc\u00eas L&#8217;Equipe.<\/p>\n<p>Segundo o ve\u00edculo, o camisa 10 do PSG foi infectado ap\u00f3s passar f\u00e9rias em Ibiza, onde chegou a se encontrar com <strong>Anitta<\/strong> e com uma s\u00e9rie de jogadores do PSG, incluindo Marquinhos (e sua mulher, Carol Cabrino), Verratti, Navas, Herrera, Paredes e Di Mar\u00eda. Os \u00faltimos dois tamb\u00e9m testaram positivo para covid, segundo informa o <a href=\"https:\/\/www.uol.com.br\/esporte\/futebol\/ultimas-noticias\/2020\/09\/02\/ibiza-com-anitta-e-atletas-os-dias-de-neymar-pre-covid-segundo-jornal.htm\" target=\"_blank\" rel=\"noopener noreferrer\">UOL Esporte<\/a>.<\/p>\n<p>Com Anitta, Neymar chegou a gravar um v\u00eddeo cantando ao lado da popstar, registro compartilhado nas redes sociais.<\/p>\n<blockquote class=\"twitter-tweet\" data-width=\"550\" data-dnt=\"true\">\n<p lang=\"pt\" dir=\"ltr\">Neymar e Anitta, nova dupla musical KKKKKKKKKKK\ud83e\udd23\u2764\ufe0f\ud83c\udfa4 <a href=\"https:\/\/t.co\/qtfYZjUGm5\">pic.twitter.com\/qtfYZjUGm5<\/a><\/p>\n<p>&mdash; neymar jr depr\u00ea (@neymarjrdepre) <a href=\"https:\/\/twitter.com\/neymarjrdepre\/status\/1298715593273556996?ref_src=twsrc%5Etfw\" target=\"_blank\" rel=\"noopener\">August 26, 2020<\/a><\/p><\/blockquote>\n<p><script async src=\"https:\/\/platform.twitter.com\/widgets.js\" charset=\"utf-8\"><\/script><\/p>\n<p>Sobre o teste, a assessoria do PSG informou que h\u00e1 de fato tr\u00eas nomes do seu elenco principal infectados, mas n\u00e3o revelou quais.<\/p>\n<p>J\u00e1 a assessoria de Anitta, com quem Neymar esteve por duas vezes em Ibiza, informou que a diva testou negativo ao desembarcar no Brasil.<\/p>\n<p>&nbsp;<\/p>","protected":false},"excerpt":{"rendered":"<p>Neymar est\u00e1 com covid-19! A informa\u00e7\u00e3o foi divulgada na manh\u00e3 desta quarta-feira (2) pelo jornal franc\u00eas L&#8217;Equipe. Segundo o ve\u00edculo, o camisa 10 do PSG foi infectado ap\u00f3s passar f\u00e9rias em Ibiza, onde chegou a se encontrar com Anitta e com uma s\u00e9rie de jogadores do PSG, incluindo Marquinhos (e sua mulher, Carol Cabrino), Verratti, [&hellip;]<\/p>\n","protected":false},"author":1,"featured_media":64179,"comment_status":"closed","ping_status":"open","sticky":false,"template":"","format":"standard","meta":{"footnotes":""},"categories":[173],"tags":[167,728],"class_list":["post-64177","post","type-post","status-publish","format-standard","has-post-thumbnail","hentry","category-celebridades","tag-anitta","tag-neymar"],"_links":{"self":[{"href":"https:\/\/portalpopmais.com.br\/en\/wp-json\/wp\/v2\/posts\/64177","targetHints":{"allow":["GET"]}}],"collection":[{"href":"https:\/\/portalpopmais.com.br\/en\/wp-json\/wp\/v2\/posts"}],"about":[{"href":"https:\/\/portalpopmais.com.br\/en\/wp-json\/wp\/v2\/types\/post"}],"author":[{"embeddable":true,"href":"https:\/\/portalpopmais.com.br\/en\/wp-json\/wp\/v2\/users\/1"}],"replies":[{"embeddable":true,"href":"https:\/\/portalpopmais.com.br\/en\/wp-json\/wp\/v2\/comments?post=64177"}],"version-history":[{"count":0,"href":"https:\/\/portalpopmais.com.br\/en\/wp-json\/wp\/v2\/posts\/64177\/revisions"}],"wp:featuredmedia":[{"embeddable":true,"href":"https:\/\/portalpopmais.com.br\/en\/wp-json\/wp\/v2\/media\/64179"}],"wp:attachment":[{"href":"https:\/\/portalpopmais.com.br\/en\/wp-json\/wp\/v2\/media?parent=64177"}],"wp:term":[{"taxonomy":"category","embeddable":true,"href":"https:\/\/portalpopmais.com.br\/en\/wp-json\/wp\/v2\/categories?post=64177"},{"taxonomy":"post_tag","embeddable":true,"href":"https:\/\/portalpopmais.com.br\/en\/wp-json\/wp\/v2\/tags?post=64177"}],"curies":[{"name":"wp","href":"https:\/\/api.w.org\/{rel}","templated":true}]}}