{"id":64246,"date":"2020-09-02T23:54:51","date_gmt":"2020-09-03T02:54:51","guid":{"rendered":"https:\/\/portalpopmais.wpcomstaging.com\/?p=64246"},"modified":"2020-09-02T23:54:51","modified_gmt":"2020-09-03T02:54:51","slug":"1a-live-de-elana-dara-no-youtube-fica-no-topo-dos-assuntos-mais-comentados-no-twitter","status":"publish","type":"post","link":"https:\/\/portalpopmais.com.br\/en\/1a-live-de-elana-dara-no-youtube-fica-no-topo-dos-assuntos-mais-comentados-no-twitter\/","title":{"rendered":"1\u00aa live de Elana Dara no YouTube fica no topo dos assuntos mais comentados no Twitter"},"content":{"rendered":"<p>Elana Dara \u00e9 um verdadeiro sucesso! Na noite de hoje (2), ela fez sua estreia de gala nas lives do YouTube e durante a apresenta\u00e7\u00e3o chegou em 1\u00b0 colocada nos Trending Topics do Twitter Brasil!<\/p>\n<p>Ap\u00f3s muitos pedidos de seus f\u00e3s, ela se apresentou com um repert\u00f3rio de cair o queixo que passou por Melim, Mar\u00edlia Mendon\u00e7a, Alceu Valen\u00e7a, Charlie Brown Jr., al\u00e9m de suas m\u00fasicas autorais: <em>&#8220;Ningu\u00e9m d\u00e1 certo cmg&#8221;<\/em>, &#8220;Falei de voc\u00ea pra minha m\u00e3e&#8221; e <em>&#8220;Muda Tudo&#8221;<\/em>.<\/p>\n<p>Assista:<\/p>\n<p><iframe loading=\"lazy\" title=\"Live Elana Dara - HOJE, \u00e0s 19h\" width=\"880\" height=\"495\" src=\"https:\/\/www.youtube.com\/embed\/4D1BqzS0y2E?start=218&#038;feature=oembed\" frameborder=\"0\" allow=\"accelerometer; autoplay; clipboard-write; encrypted-media; gyroscope; picture-in-picture\" allowfullscreen><\/iframe><\/p>\n<p>A apresenta\u00e7\u00e3o contou com o apoio do <strong>Sesc Mesa Brasil MG<\/strong>, onde os espectadores puderam realizar doa\u00e7\u00f5es, que ser\u00e3o direcionadas ao programa Mesa Brasil, que destinar\u00e1 itens de primeira necessidade \u00e0s institui\u00e7\u00f5es de todo o territ\u00f3rio brasileiro.<\/p>\n<p>A live faz parte do projeto Locked Sessions, e tem mais uma transmiss\u00e3o agendada para 10 de setembro, desta vez o show ser\u00e1 focado no repert\u00f3rio aurtoral da artista.<\/p>","protected":false},"excerpt":{"rendered":"<p>Elana Dara \u00e9 um verdadeiro sucesso! Na noite de hoje (2), ela fez sua estreia de gala nas lives do YouTube e durante a apresenta\u00e7\u00e3o chegou em 1\u00b0 colocada nos Trending Topics do Twitter Brasil! Ap\u00f3s muitos pedidos de seus f\u00e3s, ela se apresentou com um repert\u00f3rio de cair o queixo que passou por Melim, [&hellip;]<\/p>\n","protected":false},"author":1,"featured_media":64250,"comment_status":"closed","ping_status":"open","sticky":false,"template":"","format":"standard","meta":{"footnotes":""},"categories":[154],"tags":[3652],"class_list":["post-64246","post","type-post","status-publish","format-standard","has-post-thumbnail","hentry","category-musica","tag-elana-dara"],"_links":{"self":[{"href":"https:\/\/portalpopmais.com.br\/en\/wp-json\/wp\/v2\/posts\/64246","targetHints":{"allow":["GET"]}}],"collection":[{"href":"https:\/\/portalpopmais.com.br\/en\/wp-json\/wp\/v2\/posts"}],"about":[{"href":"https:\/\/portalpopmais.com.br\/en\/wp-json\/wp\/v2\/types\/post"}],"author":[{"embeddable":true,"href":"https:\/\/portalpopmais.com.br\/en\/wp-json\/wp\/v2\/users\/1"}],"replies":[{"embeddable":true,"href":"https:\/\/portalpopmais.com.br\/en\/wp-json\/wp\/v2\/comments?post=64246"}],"version-history":[{"count":0,"href":"https:\/\/portalpopmais.com.br\/en\/wp-json\/wp\/v2\/posts\/64246\/revisions"}],"wp:featuredmedia":[{"embeddable":true,"href":"https:\/\/portalpopmais.com.br\/en\/wp-json\/wp\/v2\/media\/64250"}],"wp:attachment":[{"href":"https:\/\/portalpopmais.com.br\/en\/wp-json\/wp\/v2\/media?parent=64246"}],"wp:term":[{"taxonomy":"category","embeddable":true,"href":"https:\/\/portalpopmais.com.br\/en\/wp-json\/wp\/v2\/categories?post=64246"},{"taxonomy":"post_tag","embeddable":true,"href":"https:\/\/portalpopmais.com.br\/en\/wp-json\/wp\/v2\/tags?post=64246"}],"curies":[{"name":"wp","href":"https:\/\/api.w.org\/{rel}","templated":true}]}}