{"id":66343,"date":"2020-09-17T22:16:03","date_gmt":"2020-09-18T01:16:03","guid":{"rendered":"https:\/\/portalpopmais.wpcomstaging.com\/?p=66343"},"modified":"2020-09-17T22:16:03","modified_gmt":"2020-09-18T01:16:03","slug":"luisa-sonza-processo-racismo","status":"publish","type":"post","link":"https:\/\/portalpopmais.com.br\/en\/luisa-sonza-processo-racismo\/","title":{"rendered":"Lu\u00edsa Sonza nega acusa\u00e7\u00e3o de racismo"},"content":{"rendered":"<p>Veio \u00e0 tona na noite desta quinta-feira (17\/9), por meio do jornalista Erlan Bastos, um processo movido contra <strong>Lu\u00edsa Sonza<\/strong>, no qual a cantora \u00e9 acusada de racismo.<\/p>\n<p>Segundo o documento, registrado no Tribunal de Justi\u00e7a do Rio de Janeiro, a advogada Isabel Macedo de Jesus teria cruzado com a cantora em 2018, durante um evento gastron\u00f4mico em Fernando de Noronha. Ela diz que esbarrou por acidente na cantora, que n\u00e3o teria gostado e pediu para que ela fosse buscar um copo d&#8217;\u00e1gua, al\u00e9m de ter desferido um tapa em bra\u00e7o.<\/p>\n<p>De acordo com Isabel, tal atitude de Lu\u00edsa teria sido pelo fato da advogada ser preta. O Portal POP Mais apurou o processo, que est\u00e1 sob o registro<strong> 0139039-09.2020.8.19.0001<\/strong>, na 15\u00aa Vara C\u00edvel, na 1\u00aa Inst\u00e2ncia do TJ-RJ. Segundo consta no site do \u00f3rg\u00e3o, o processo foi arquivado em 2019. De acordo com Erlan Bastos, a advogada afirma que o processo foi arquivado por n\u00e3o ter pago as custas processuais.<\/p>\n<p>O <strong>POP Mais<\/strong> entrou em contato com a assessoria de Lu\u00edsa, que nos enviou um comunicado oficial. Veja na \u00edntegra:<\/p>\n<p><em>&#8220;A assessoria jur\u00eddica da artista Lu\u00edsa Sonza, atrav\u00e9s do seu advogado Jos\u00e9 Estavam Macedo Lima, vem a p\u00fablico informar que tomou conhecimento do referido processo pela m\u00eddia. Que a cantora at\u00e9 a presente data n\u00e3o foi citada de nenhuma a\u00e7\u00e3o que venha a lhe imputar o fato que est\u00e1 sendo noticiado. Que as acusa\u00e7\u00f5es s\u00e3o falsas, inver\u00eddicas e v\u00eam em um momento oportunista em raz\u00e3o do crescimento exponencial da carreira da artista. <\/em><em>Informa, ainda, que nunca ofendeu ou discriminou qualquer pessoa. Causa estranheza as acusa\u00e7\u00f5es de racismo, pois at\u00e9 a presente data a artista n\u00e3o recebeu qualquer notifica\u00e7\u00e3o das autoridades policiais sobre a suposta investiga\u00e7\u00e3o.\u00a0Todas as medidas administrativas e judiciais ser\u00e3o adotados para proteger a honra e a intimidade da artista&#8221;.<\/em><\/p>\n<p>Lu\u00edsa tamb\u00e9m se manifestou sobre as acusa\u00e7\u00f5es em sua conta no Twitter. <em>&#8220;Gente, tudo isso \u00e9 MENTIRA! N\u00e3o acreditem nisso! Eu jamais teria esse tipo de atitude. Voc\u00eas me conhecem bem, sabem qual \u00e9 meu car\u00e1ter, minha \u00edndole. Eu jamais ofenderia outra pessoa por conta da cor de sua pele. Jamais! Essa acusa\u00e7\u00e3o \u00e9 absurda&#8221;<\/em>, escreveu.<\/p>\n<blockquote class=\"twitter-tweet\" data-width=\"550\" data-dnt=\"true\">\n<p lang=\"pt\" dir=\"ltr\">Gente, tudo isso \u00e9 MENTIRA! N\u00e3o acreditem nisso! Eu jamais teria esse tipo de atitude. Voc\u00eas me conhecem bem, sabem qual \u00e9 meu car\u00e1ter, minha \u00edndole. Eu jamais ofenderia outra pessoa por conta da cor de sua pele. Jamais! Essa acusa\u00e7\u00e3o \u00e9 absurda.<\/p>\n<p>&mdash; Lu\u00edsa Sonza | #TOMA \ud83d\udc9c (@luisasonza) <a href=\"https:\/\/twitter.com\/luisasonza\/status\/1306757741780893704?ref_src=twsrc%5Etfw\" target=\"_blank\" rel=\"noopener\">September 18, 2020<\/a><\/p><\/blockquote>\n<p><script async src=\"https:\/\/platform.twitter.com\/widgets.js\" charset=\"utf-8\"><\/script><\/p>\n<p>&nbsp;<\/p>","protected":false},"excerpt":{"rendered":"<p>Veio \u00e0 tona na noite desta quinta-feira (17\/9), por meio do jornalista Erlan Bastos, um processo movido contra Lu\u00edsa Sonza, no qual a cantora \u00e9 acusada de racismo. Segundo o documento, registrado no Tribunal de Justi\u00e7a do Rio de Janeiro, a advogada Isabel Macedo de Jesus teria cruzado com a cantora em 2018, durante um [&hellip;]<\/p>\n","protected":false},"author":1,"featured_media":66055,"comment_status":"closed","ping_status":"open","sticky":false,"template":"","format":"standard","meta":{"footnotes":""},"categories":[173],"tags":[2163,627],"class_list":["post-66343","post","type-post","status-publish","format-standard","has-post-thumbnail","hentry","category-celebridades","tag-capa","tag-luisa-sonza"],"_links":{"self":[{"href":"https:\/\/portalpopmais.com.br\/en\/wp-json\/wp\/v2\/posts\/66343","targetHints":{"allow":["GET"]}}],"collection":[{"href":"https:\/\/portalpopmais.com.br\/en\/wp-json\/wp\/v2\/posts"}],"about":[{"href":"https:\/\/portalpopmais.com.br\/en\/wp-json\/wp\/v2\/types\/post"}],"author":[{"embeddable":true,"href":"https:\/\/portalpopmais.com.br\/en\/wp-json\/wp\/v2\/users\/1"}],"replies":[{"embeddable":true,"href":"https:\/\/portalpopmais.com.br\/en\/wp-json\/wp\/v2\/comments?post=66343"}],"version-history":[{"count":0,"href":"https:\/\/portalpopmais.com.br\/en\/wp-json\/wp\/v2\/posts\/66343\/revisions"}],"wp:featuredmedia":[{"embeddable":true,"href":"https:\/\/portalpopmais.com.br\/en\/wp-json\/wp\/v2\/media\/66055"}],"wp:attachment":[{"href":"https:\/\/portalpopmais.com.br\/en\/wp-json\/wp\/v2\/media?parent=66343"}],"wp:term":[{"taxonomy":"category","embeddable":true,"href":"https:\/\/portalpopmais.com.br\/en\/wp-json\/wp\/v2\/categories?post=66343"},{"taxonomy":"post_tag","embeddable":true,"href":"https:\/\/portalpopmais.com.br\/en\/wp-json\/wp\/v2\/tags?post=66343"}],"curies":[{"name":"wp","href":"https:\/\/api.w.org\/{rel}","templated":true}]}}