{"id":67157,"date":"2020-09-25T15:54:18","date_gmt":"2020-09-25T18:54:18","guid":{"rendered":"https:\/\/portalpopmais.wpcomstaging.com\/?p=67157"},"modified":"2020-09-25T15:54:18","modified_gmt":"2020-09-25T18:54:18","slug":"foto-de-antonia-fontenelle-vai-parar-em-site-de-acompanhantes-frances-lana-completa","status":"publish","type":"post","link":"https:\/\/portalpopmais.com.br\/en\/foto-de-antonia-fontenelle-vai-parar-em-site-de-acompanhantes-frances-lana-completa\/","title":{"rendered":"Foto de Ant\u00f4nia Fontenelle vai parar em site de acompanhantes franc\u00eas: &#8220;Lana Completa&#8221;"},"content":{"rendered":"<p>Sempre envolta em pol\u00eamicas, a socialite Ant\u00f4nia Fontenelle voltou a ser assunto nas redes sociais, nesta sexta-feira (25).<\/p>\n<p>Acontece que ela descobriu que uma foto sua foi parar em um site franc\u00eas de garotas de programa. Sua imagem vestindo uma lingerie branca aparece logo ao lado de uma muito menos discreta \u2014 digamos assim. Mas a apresentadora se divertiu. <em>\u201cAchei maravilhoso! O que ser\u00e1 que Lana Completa faz? Pelo menos no site algu\u00e9m faz alguma coisa. Quanto ser\u00e1 que a gente cobra? Bota o valor l\u00e1 em cima, por favor\u201d<\/em>, brincou ela.<\/p>\n<p>Conforme detalhado pela coluna de L\u00e9o Dias, no Metr\u00f3poles, a\u00a0acompanhante que se passa por Ant\u00f4nia atende pelo nome de Lana Completa e recebe seus clientes na cidade de Thionville, no nordeste da Fran\u00e7a. Ela tamb\u00e9m deixa um n\u00famero de telefone para contato, e atende diariamente das 10h \u00e0s 21h. Lana se descreve como espanhola, de 32 anos, com olhos castanhos e cabelos loiros, 1,66m de altura e 63kg. Ela conta que usa suti\u00e3 tamanho D, \u00e9 inteiramente depilada, n\u00e3o fuma e bebe ocasionalmente.<\/p>\n<p>Veja a foto:<\/p>\n<div id=\"attachment_67160\" style=\"width: 510px\" class=\"wp-caption aligncenter\"><img loading=\"lazy\" decoding=\"async\" aria-describedby=\"caption-attachment-67160\" class=\"size-full wp-image-67160\" src=\"https:\/\/portalpopmais.com.br\/wp-content\/uploads\/2020\/09\/antonia-fontenelle.png\" alt=\"\" width=\"500\" height=\"910\" title=\"\"><p id=\"caption-attachment-67160\" class=\"wp-caption-text\">Foto: Reprodu\u00e7\u00e3o<\/p><\/div>\n<div class=\"m-carousel-post\">\n<div class=\"siema m-siema-single-item rendered\">\n<div>\n<div>\n<div class=\"siema-item\"><\/div>\n<\/div>\n<\/div>\n<\/div>\n<\/div>","protected":false},"excerpt":{"rendered":"<p>Sempre envolta em pol\u00eamicas, a socialite Ant\u00f4nia Fontenelle voltou a ser assunto nas redes sociais, nesta sexta-feira (25). Acontece que ela descobriu que uma foto sua foi parar em um site franc\u00eas de garotas de programa. Sua imagem vestindo uma lingerie branca aparece logo ao lado de uma muito menos discreta \u2014 digamos assim. Mas [&hellip;]<\/p>\n","protected":false},"author":1,"featured_media":67161,"comment_status":"closed","ping_status":"open","sticky":false,"template":"","format":"standard","meta":{"footnotes":""},"categories":[173],"tags":[2395],"class_list":["post-67157","post","type-post","status-publish","format-standard","has-post-thumbnail","hentry","category-celebridades","tag-antonia-fontenelle"],"_links":{"self":[{"href":"https:\/\/portalpopmais.com.br\/en\/wp-json\/wp\/v2\/posts\/67157","targetHints":{"allow":["GET"]}}],"collection":[{"href":"https:\/\/portalpopmais.com.br\/en\/wp-json\/wp\/v2\/posts"}],"about":[{"href":"https:\/\/portalpopmais.com.br\/en\/wp-json\/wp\/v2\/types\/post"}],"author":[{"embeddable":true,"href":"https:\/\/portalpopmais.com.br\/en\/wp-json\/wp\/v2\/users\/1"}],"replies":[{"embeddable":true,"href":"https:\/\/portalpopmais.com.br\/en\/wp-json\/wp\/v2\/comments?post=67157"}],"version-history":[{"count":0,"href":"https:\/\/portalpopmais.com.br\/en\/wp-json\/wp\/v2\/posts\/67157\/revisions"}],"wp:featuredmedia":[{"embeddable":true,"href":"https:\/\/portalpopmais.com.br\/en\/wp-json\/wp\/v2\/media\/67161"}],"wp:attachment":[{"href":"https:\/\/portalpopmais.com.br\/en\/wp-json\/wp\/v2\/media?parent=67157"}],"wp:term":[{"taxonomy":"category","embeddable":true,"href":"https:\/\/portalpopmais.com.br\/en\/wp-json\/wp\/v2\/categories?post=67157"},{"taxonomy":"post_tag","embeddable":true,"href":"https:\/\/portalpopmais.com.br\/en\/wp-json\/wp\/v2\/tags?post=67157"}],"curies":[{"name":"wp","href":"https:\/\/api.w.org\/{rel}","templated":true}]}}