{"id":67197,"date":"2020-09-25T20:12:14","date_gmt":"2020-09-25T23:12:14","guid":{"rendered":"https:\/\/portalpopmais.wpcomstaging.com\/?p=67197"},"modified":"2020-09-25T20:12:14","modified_gmt":"2020-09-25T23:12:14","slug":"fenomeno-na-internet-dancarino-de-brega-funk-anderson-neiff-mostra-parte-intima-no-instagram","status":"publish","type":"post","link":"https:\/\/portalpopmais.com.br\/en\/fenomeno-na-internet-dancarino-de-brega-funk-anderson-neiff-mostra-parte-intima-no-instagram\/","title":{"rendered":"Fen\u00f4meno na internet, dan\u00e7arino de brega funk Anderson Neiff mostra parte \u00edntima no Instagram"},"content":{"rendered":"<p><strong>Anderson Neiff<\/strong> \u00e9 um fen\u00f4meno no Instagram, e \u00e9 conhecido por sempre postar v\u00eddeos em situa\u00e7\u00f5es &#8220;c\u00f4micas&#8221; mas com duplo sentido. Algumas delas em tom homoer\u00f3tico.<\/p>\n<p>Nesta sexta-feira (25), durante um desses v\u00eddeos, ele acabou deixando sua parte \u00edntima amostra, causando coment\u00e1rios entre os internautas.<\/p>\n<p>O v\u00eddeo viralizou rapidamente, gerando muitos elogios ao jovem.<\/p>\n<blockquote class=\"twitter-tweet\" data-width=\"550\" data-dnt=\"true\">\n<p lang=\"pt\" dir=\"ltr\">Custava deixar vazar o pau todo, <a href=\"https:\/\/twitter.com\/_neiff?ref_src=twsrc%5Etfw\" target=\"_blank\" rel=\"noopener\">@_neiff<\/a>? \ud83d\ude29 <a href=\"https:\/\/t.co\/pNWdRHOOYd\">pic.twitter.com\/pNWdRHOOYd<\/a><\/p>\n<p>&mdash; BF \ud83c\udf4c (@_bananasfamosas) <a href=\"https:\/\/twitter.com\/_bananasfamosas\/status\/1309620838405214209?ref_src=twsrc%5Etfw\" target=\"_blank\" rel=\"noopener\">September 25, 2020<\/a><\/p><\/blockquote>\n<p><script async src=\"https:\/\/platform.twitter.com\/widgets.js\" charset=\"utf-8\"><\/script><\/p>\n<blockquote class=\"twitter-tweet\" data-width=\"550\" data-dnt=\"true\">\n<p lang=\"pt\" dir=\"ltr\">E vamos de \u201cnude\u201d do Anderson Neiff. \ud83e\udd2d <a href=\"https:\/\/t.co\/YBO9g4vZIR\">pic.twitter.com\/YBO9g4vZIR<\/a><\/p>\n<p>&mdash; BF \ud83c\udf4c (@_bananasfamosas) <a href=\"https:\/\/twitter.com\/_bananasfamosas\/status\/1309311292902191107?ref_src=twsrc%5Etfw\" target=\"_blank\" rel=\"noopener\">September 25, 2020<\/a><\/p><\/blockquote>\n<p><script async src=\"https:\/\/platform.twitter.com\/widgets.js\" charset=\"utf-8\"><\/script><\/p>\n<p>Veja alguns coment\u00e1rios:<\/p>\n<p><img loading=\"lazy\" decoding=\"async\" class=\"aligncenter size-full wp-image-67199\" src=\"https:\/\/portalpopmais.com.br\/wp-content\/uploads\/2020\/09\/comentarios.png\" alt=\"\" width=\"602\" height=\"368\" title=\"\"><\/p>\n<p>Anderson Neiff na m\u00fasica:<\/p>\n<p><iframe loading=\"lazy\" title=\"VT KEBRADEIRA E ANDERSON NEIFF E DANILO NEIFF E DJ TAWAN - \u00c9 INCOMPAR\u00c1VEL  - AUDIO OFICIAL\" width=\"880\" height=\"495\" src=\"https:\/\/www.youtube.com\/embed\/isLBOKBtohY?feature=oembed\" frameborder=\"0\" allow=\"accelerometer; autoplay; clipboard-write; encrypted-media; gyroscope; picture-in-picture\" allowfullscreen><\/iframe><\/p>\n<p><iframe loading=\"lazy\" title=\"VT KEBRADEIRA E ANDERSON NEIFF E DANILO NEIFF E DJ TAWAN - \u00c9 INCOMPAR\u00c1VEL - CLIPE OFICIAL\" width=\"880\" height=\"495\" src=\"https:\/\/www.youtube.com\/embed\/DoRnlhQmfpg?feature=oembed\" frameborder=\"0\" allow=\"accelerometer; autoplay; clipboard-write; encrypted-media; gyroscope; picture-in-picture\" allowfullscreen><\/iframe><\/p>\n<p>&nbsp;<\/p>","protected":false},"excerpt":{"rendered":"<p>Anderson Neiff \u00e9 um fen\u00f4meno no Instagram, e \u00e9 conhecido por sempre postar v\u00eddeos em situa\u00e7\u00f5es &#8220;c\u00f4micas&#8221; mas com duplo sentido. Algumas delas em tom homoer\u00f3tico. Nesta sexta-feira (25), durante um desses v\u00eddeos, ele acabou deixando sua parte \u00edntima amostra, causando coment\u00e1rios entre os internautas. O v\u00eddeo viralizou rapidamente, gerando muitos elogios ao jovem. Custava [&hellip;]<\/p>\n","protected":false},"author":2,"featured_media":67201,"comment_status":"closed","ping_status":"open","sticky":false,"template":"","format":"standard","meta":{"footnotes":""},"categories":[173],"tags":[4592],"class_list":["post-67197","post","type-post","status-publish","format-standard","has-post-thumbnail","hentry","category-celebridades","tag-anderson-neiff"],"_links":{"self":[{"href":"https:\/\/portalpopmais.com.br\/en\/wp-json\/wp\/v2\/posts\/67197","targetHints":{"allow":["GET"]}}],"collection":[{"href":"https:\/\/portalpopmais.com.br\/en\/wp-json\/wp\/v2\/posts"}],"about":[{"href":"https:\/\/portalpopmais.com.br\/en\/wp-json\/wp\/v2\/types\/post"}],"author":[{"embeddable":true,"href":"https:\/\/portalpopmais.com.br\/en\/wp-json\/wp\/v2\/users\/2"}],"replies":[{"embeddable":true,"href":"https:\/\/portalpopmais.com.br\/en\/wp-json\/wp\/v2\/comments?post=67197"}],"version-history":[{"count":0,"href":"https:\/\/portalpopmais.com.br\/en\/wp-json\/wp\/v2\/posts\/67197\/revisions"}],"wp:featuredmedia":[{"embeddable":true,"href":"https:\/\/portalpopmais.com.br\/en\/wp-json\/wp\/v2\/media\/67201"}],"wp:attachment":[{"href":"https:\/\/portalpopmais.com.br\/en\/wp-json\/wp\/v2\/media?parent=67197"}],"wp:term":[{"taxonomy":"category","embeddable":true,"href":"https:\/\/portalpopmais.com.br\/en\/wp-json\/wp\/v2\/categories?post=67197"},{"taxonomy":"post_tag","embeddable":true,"href":"https:\/\/portalpopmais.com.br\/en\/wp-json\/wp\/v2\/tags?post=67197"}],"curies":[{"name":"wp","href":"https:\/\/api.w.org\/{rel}","templated":true}]}}