{"id":68996,"date":"2020-10-21T19:16:38","date_gmt":"2020-10-21T22:16:38","guid":{"rendered":"https:\/\/portalpopmais.com.br\/?p=68996"},"modified":"2020-10-21T23:41:25","modified_gmt":"2020-10-22T02:41:25","slug":"em-documentario-para-a-netflix-shawn-mendes-diz-que-todos-os-caminhos-o-levam-de-volta-para-camila-cabello","status":"publish","type":"post","link":"https:\/\/portalpopmais.com.br\/en\/em-documentario-para-a-netflix-shawn-mendes-diz-que-todos-os-caminhos-o-levam-de-volta-para-camila-cabello\/","title":{"rendered":"Em document\u00e1rio para a Netflix, Shawn Mendes diz que todos os caminhos o levam de volta para Camila Cabello"},"content":{"rendered":"<p id=\"tw-target-text\" class=\"tw-data-text tw-text-large XcVN5d tw-ta\" dir=\"ltr\" data-placeholder=\"Tradu\u00e7\u00e3o\"><span lang=\"pt\">A <strong>Netflix<\/strong> lan\u00e7ou o primeiro trailer completo do document\u00e1rio musical, que tenta mostrar os dois lados da vida de Shawn: O astro da m\u00fasica e o rapaz totalmente normal, quando o mesmo est\u00e1 fora dos holofotes da ind\u00fastria fonogr\u00e1fica.<\/span><\/p>\n<div id=\"attachment_68998\" style=\"width: 1930px\" class=\"wp-caption aligncenter\"><img loading=\"lazy\" decoding=\"async\" aria-describedby=\"caption-attachment-68998\" class=\"wp-image-68998 size-full\" src=\"https:\/\/portalpopmais.com.br\/wp-content\/uploads\/2020\/10\/Shawmila-ET-Online.jpg\" alt=\"\" width=\"1920\" height=\"1080\" title=\"\"><p id=\"caption-attachment-68998\" class=\"wp-caption-text\">ET Online\/Reprodu\u00e7\u00e3o<\/p><\/div>\n<p>E ao que tudo indica, <strong>Shawn Mendes<\/strong>\u00a0sempre vai voltar com <strong>Camila Cabello<\/strong>. Pelo menos \u00e9 o que o cantor canadense revelou diante as c\u00e2meras da Netflix, afirmando que todas as m\u00fasicas de seu novo trabalho s\u00e3o todas inspiradas na ex-fifth harmony.<\/p>\n<h5>\u201cMinhas m\u00fasicas sempre foram sobre voc\u00ea &#8230; todas as m\u00fasicas.\u201d<\/h5>\n<div id=\"attachment_68999\" style=\"width: 1210px\" class=\"wp-caption aligncenter\"><img loading=\"lazy\" decoding=\"async\" aria-describedby=\"caption-attachment-68999\" class=\"wp-image-68999 size-full\" src=\"https:\/\/portalpopmais.com.br\/wp-content\/uploads\/2020\/10\/Shawmila-MTV.jpg\" alt=\"\" width=\"1200\" height=\"809\" title=\"\"><p id=\"caption-attachment-68999\" class=\"wp-caption-text\">JOHANNES EISELE\/Getty Images<\/p><\/div>\n<p>A declara\u00e7\u00e3o de Mendes \u00e9 algo extremamente rom\u00e2ntico; falar que todas as suas m\u00fasicas nos \u00faltimos cinco de carreira s\u00e3o pensadas em Cabello, \u00e9 sem d\u00favidas uma das maiores declara\u00e7\u00f5es de amor de todos os tempos. Ele provavelmente quer explicar aos seus f\u00e3s que os dois s\u00e3o como almas g\u00eameas e ambos devem ficar juntos, apesar de todas as dificuldades.<\/p>\n<p><iframe loading=\"lazy\" title=\"Shawn Mendes - In Wonder | Official Trailer\" width=\"880\" height=\"495\" src=\"https:\/\/www.youtube.com\/embed\/uJLkWxemGvA?feature=oembed\" frameborder=\"0\" allow=\"accelerometer; autoplay; clipboard-write; encrypted-media; gyroscope; picture-in-picture\" allowfullscreen><\/iframe><\/p>\n<p><em>&#8216;In a Wonder&#8217;<\/em>, ser\u00e1 lan\u00e7ado no pr\u00f3ximo dia 23 de novembro e tr\u00e1s consigo um lado mais pessoal do artista, onde ele mesmo relata que todos os caminhos o\u00a0levam de volta para sua musa inspiradora.<\/p>\n<p>Ap\u00f3s a divulga\u00e7\u00e3o do trailer, tabloides sensacionalistas internacionais levantaram rumores de um noivado secreto de Shawn Mendes. Ent\u00e3o vamos esperar o que vai acontecer na hist\u00f3ria de ShawMila.<\/p>","protected":false},"excerpt":{"rendered":"<p>A Netflix lan\u00e7ou o primeiro trailer completo do document\u00e1rio musical, que tenta mostrar os dois lados da vida de Shawn: O astro da m\u00fasica e o rapaz totalmente normal, quando o mesmo est\u00e1 fora dos holofotes da ind\u00fastria fonogr\u00e1fica. E ao que tudo indica, Shawn Mendes\u00a0sempre vai voltar com Camila Cabello. Pelo menos \u00e9 o [&hellip;]<\/p>\n","protected":false},"author":2,"featured_media":68997,"comment_status":"closed","ping_status":"open","sticky":false,"template":"","format":"standard","meta":{"footnotes":""},"categories":[174,154,2165],"tags":[311,494],"class_list":["post-68996","post","type-post","status-publish","format-standard","has-post-thumbnail","hentry","category-filmes-series","category-musica","category-noticias","tag-camila-cabello","tag-shawn-mendes"],"_links":{"self":[{"href":"https:\/\/portalpopmais.com.br\/en\/wp-json\/wp\/v2\/posts\/68996","targetHints":{"allow":["GET"]}}],"collection":[{"href":"https:\/\/portalpopmais.com.br\/en\/wp-json\/wp\/v2\/posts"}],"about":[{"href":"https:\/\/portalpopmais.com.br\/en\/wp-json\/wp\/v2\/types\/post"}],"author":[{"embeddable":true,"href":"https:\/\/portalpopmais.com.br\/en\/wp-json\/wp\/v2\/users\/2"}],"replies":[{"embeddable":true,"href":"https:\/\/portalpopmais.com.br\/en\/wp-json\/wp\/v2\/comments?post=68996"}],"version-history":[{"count":0,"href":"https:\/\/portalpopmais.com.br\/en\/wp-json\/wp\/v2\/posts\/68996\/revisions"}],"wp:featuredmedia":[{"embeddable":true,"href":"https:\/\/portalpopmais.com.br\/en\/wp-json\/wp\/v2\/media\/68997"}],"wp:attachment":[{"href":"https:\/\/portalpopmais.com.br\/en\/wp-json\/wp\/v2\/media?parent=68996"}],"wp:term":[{"taxonomy":"category","embeddable":true,"href":"https:\/\/portalpopmais.com.br\/en\/wp-json\/wp\/v2\/categories?post=68996"},{"taxonomy":"post_tag","embeddable":true,"href":"https:\/\/portalpopmais.com.br\/en\/wp-json\/wp\/v2\/tags?post=68996"}],"curies":[{"name":"wp","href":"https:\/\/api.w.org\/{rel}","templated":true}]}}