{"id":69639,"date":"2020-10-29T20:45:11","date_gmt":"2020-10-29T23:45:11","guid":{"rendered":"https:\/\/portalpopmais.com.br\/?p=69639"},"modified":"2020-10-29T20:47:50","modified_gmt":"2020-10-29T23:47:50","slug":"anitta-ataca-politico-que-acusou-mc-cabelinho-de-apologia-ao-crime","status":"publish","type":"post","link":"https:\/\/portalpopmais.com.br\/en\/anitta-ataca-politico-que-acusou-mc-cabelinho-de-apologia-ao-crime\/","title":{"rendered":"Anitta ataca pol\u00edtico que acusou MC Cabelinho de apologia ao crime"},"content":{"rendered":"<p><strong>Anitta<\/strong> usou sua conta no Instagram para <a href=\"https:\/\/portalpopmais.com.br\/en\/mc-maneirinho-e-mc-cabelinho-sao-intimados-por-apologia-ao-crime-e-se-defendem-nas-redes-sociais-canto-o-que-vivo\/\" target=\"_blank\" rel=\"noopener noreferrer\">protestar conta as intima\u00e7\u00f5es que os cantores <strong>MC Cabelinho<\/strong> e <strong>MC Maneirinho<\/strong><\/a> receberam hoje (29). O funkeiro prestou depoimento \u00e0 Pol\u00edcia Civil do Rio de Janeiro sobre suposta apologia ao crime.<\/p>\n<p>Segundo o <strong>UOL<\/strong>, a not\u00edcia crime foi apresentada pela Assembleia Legislativa do Estado do Rio de Janeiro (Alerj). Cabelinho afirma que a acusa\u00e7\u00e3o foi feita por um deputado do PSL, mas n\u00e3o revelou nomes.<\/p>\n<p><em>&#8220;Justi\u00e7a? Cheio de pol\u00edtico corrupto pelo pa\u00eds. Mas quem t\u00e1 indo na delegacia prestar depoimento? O cantor de Funk&#8221;<\/em>, come\u00e7a Anitta. <em>&#8220;N\u00e3o vou colocar o @ do deputado porque as elei\u00e7\u00f5es t\u00e3o quase a\u00ed n\u00e9&#8230; tem gente precisando de aten\u00e7\u00e3o. Mas \u00e0s nossas custas n\u00e3o. Na biografia do pol\u00edtico ele se diz &#8216;apaixonado&#8217; pelo Rio. A gente deve ter nascido em Rios de Janeiro diferentes, seu deputado&#8221;. &#8220;Muito cuidado em quem voc\u00eas v\u00e3o votar nessas elei\u00e7\u00f5es, minha gente. Pesquisem seus candidatos&#8221;<\/em>, concluiu.<\/p>\n<blockquote class=\"instagram-media\" style=\"background: #FFF; border: 0; border-radius: 3px; box-shadow: 0 0 1px 0 rgba(0,0,0,0.5),0 1px 10px 0 rgba(0,0,0,0.15); margin: 1px; max-width: 540px; min-width: 326px; padding: 0; width: calc(100% - 2px);\" data-instgrm-captioned=\"\" data-instgrm-permalink=\"https:\/\/www.instagram.com\/p\/CG8Va_Qg63n\/?utm_source=ig_embed&amp;utm_campaign=loading\" data-instgrm-version=\"13\">\n<div style=\"padding: 16px;\">\n<p>&nbsp;<\/p>\n<div style=\"display: flex; flex-direction: row; align-items: center;\">\n<div style=\"background-color: #f4f4f4; border-radius: 50%; flex-grow: 0; height: 40px; margin-right: 14px; width: 40px;\"><\/div>\n<div style=\"display: flex; flex-direction: column; flex-grow: 1; justify-content: center;\">\n<div style=\"background-color: #f4f4f4; border-radius: 4px; flex-grow: 0; height: 14px; margin-bottom: 6px; width: 100px;\"><\/div>\n<div style=\"background-color: #f4f4f4; border-radius: 4px; flex-grow: 0; height: 14px; width: 60px;\"><\/div>\n<\/div>\n<\/div>\n<div style=\"padding: 19% 0;\"><\/div>\n<div style=\"display: block; height: 50px; margin: 0 auto 12px; width: 50px;\"><\/div>\n<div style=\"padding-top: 8px;\">\n<div style=\"color: #3897f0; font-family: Arial,sans-serif; font-size: 14px; font-style: normal; font-weight: 550; line-height: 18px;\">Ver essa foto no Instagram<\/div>\n<\/div>\n<div style=\"padding: 12.5% 0;\"><\/div>\n<div style=\"display: flex; flex-direction: row; margin-bottom: 14px; align-items: center;\">\n<div>\n<div style=\"background-color: #f4f4f4; border-radius: 50%; height: 12.5px; width: 12.5px; transform: translateX(0px) translateY(7px);\"><\/div>\n<div style=\"background-color: #f4f4f4; height: 12.5px; transform: rotate(-45deg) translateX(3px) translateY(1px); width: 12.5px; flex-grow: 0; margin-right: 14px; margin-left: 2px;\"><\/div>\n<div style=\"background-color: #f4f4f4; border-radius: 50%; height: 12.5px; width: 12.5px; transform: translateX(9px) translateY(-18px);\"><\/div>\n<\/div>\n<div style=\"margin-left: 8px;\">\n<div style=\"background-color: #f4f4f4; border-radius: 50%; flex-grow: 0; height: 20px; width: 20px;\"><\/div>\n<div style=\"width: 0; height: 0; border-top: 2px solid transparent; border-left: 6px solid #f4f4f4; border-bottom: 2px solid transparent; transform: translateX(16px) translateY(-4px) rotate(30deg);\"><\/div>\n<\/div>\n<div style=\"margin-left: auto;\">\n<div style=\"width: 0px; border-top: 8px solid #F4F4F4; border-right: 8px solid transparent; transform: translateY(16px);\"><\/div>\n<div style=\"background-color: #f4f4f4; flex-grow: 0; height: 12px; width: 16px; transform: translateY(-4px);\"><\/div>\n<div style=\"width: 0; height: 0; border-top: 8px solid #F4F4F4; border-left: 8px solid transparent; transform: translateY(-4px) translateX(8px);\"><\/div>\n<\/div>\n<\/div>\n<p>&nbsp;<\/p>\n<p style=\"margin: 8px 0 0 0; padding: 0 4px;\"><a style=\"color: #000; font-family: Arial,sans-serif; font-size: 14px; font-style: normal; font-weight: normal; line-height: 17px; text-decoration: none; word-wrap: break-word;\" href=\"https:\/\/www.instagram.com\/p\/CG8Va_Qg63n\/?utm_source=ig_embed&amp;utm_campaign=loading\" target=\"_blank\" rel=\"noopener noreferrer\">Justi\u00e7a ? Cheio de pol\u00edtico corrupto pelo pa\u00eds. Mas quem t\u00e1 indo na delegacia prestar depoimento? O cantor de Funk N\u00e3o vou colocar o @ do deputado porque as elei\u00e7\u00f5es t\u00e3o quase a\u00ed n\u00e9&#8230; tem gente precisando de aten\u00e7\u00e3o. Mas \u00e0s nossas custas N\u00c3O. Na bio do pol\u00edtico ele se diz \u201capaixonado\u201d pelo Rio. A gente deve ter nascido em Rios de Janeiro diferentes, seu deputado. Muito cuidado em quem voc\u00eas v\u00e3o votar nessas elei\u00e7\u00f5es, minha gente. Pesquisem seus candidatos #Repost @mccabelinho with @make_repost \u30fb\u30fb\u30fb F\u00c9!! N\u00c3O V\u00c3O ME CALAR! HOJE VIM PRESTAR DEPOIMENTO NA DELEGACIA, FUI INTIMADO PORQUE T\u00c3O ME INVESTIGANDO POR &#8220;APOLOGIA AO CRIME&#8221;, UMA DEN\u00daNCIA POL\u00cdTICA, FEITA POR UM DEPUTADO DO PSL, \u00c9 IMPRESSIONANTE COMO PRETO FAVELADO QUANDO FAZ SUCESSO PRA ESSA GENTE S\u00d3 PODE SER BANDIDO. NASCI EM COMUNIDADE, CRESCI EM COMUNIDADE, O TR\u00c1FICO, A MORTE E O MEDO ME CERCAM DESDE QUE EU ERA MOLEQUE. O ESTADO NUNCA ME DEU NADA, PELO CONTR\u00c1RIO, PATROCINA A D\u00c9CADAS O GENOCIDIO DO MEU POVO, DA ONDE EU VIM, EXISTE UMA &#8220;AGATHA&#8221; E UM &#8220;JO\u00c3O PEDRO&#8221; N\u00c3O NOTICIADOS POR SEMANA. AGORA ME DIZ, SER\u00c1 QUE ELES QUEREM MESMO ACABAR COM ESSA GUERRA? PORQUE O CAMINHO \u00c9 F\u00c1CIL, EDUCA\u00c7\u00c3O, OPORTUNIDADE, EMPREGO, DIGNIDADE, A MAIORIA DAS PESSOAS N\u00c3O VIRA BANDIDO PORQUE QUER, VIRAR BANDIDO N\u00c3O \u00c9 CARREIRA, \u00c9 ASSINAR SENTEN\u00c7A DE MORTE, VIRA BANDIDO, EM SUA MAIORIA, QUEM N\u00c3O AGUENTA MAIS VER A M\u00c3E SENDO HUMILHADA PELA PATROA, O FILHO PASSANDO FOME, O PAI MORRENDO NA FILA DO SUS, POUCOS VIRAM BANDIDO ACHANDO QUE V\u00c3O FICAR RICOS, QUEM FICA RICO DE VERDADE COM O TR\u00c1FICO TA MAIS PERTO DE BRAS\u00cdLIA E DAS PESSOAS QUE DENUNCIAM FAVELADOS COMO EU DO QUE DA FAVELA, PODE TER CERTEZA&#8230; AGORA, QUER QUE EU CANTE SOBRE O QUE? QUE EU FALE SOBRE O QUE? EM MUITAS DAS MINHAS LETRAS RETRATO O QUE EU VI E VIVI, O COTIDIANO VIOLENTO DA VIDA DE TODO MORADOR DE COMUNIDADE, E PODE TER CERTEZA QUE AT\u00c9 QUANDO EU PUDER VOU CONTINUAR FAZENDO ISSO. PRENDERAM RENAN DA PENHA, QUEREM ME PRENDER, V\u00c3O QUERER PRENDER TODO FAVELADO QUE, CONTRARIANDO A ESTAT\u00cdSTICA, CONSEGUE ESPA\u00c7O E RECONHECIMENTO DA SOCIEDADE, O QUE ELES QUEREM DE VERDADE \u00c9 PRENDER O QUE A GENTE REPRESENTA, O PRETO FAVELADO QUE CRESCE NA VIDA E COME\u00c7A A TOMAR DE VOLTA&#8230;<\/a><\/p>\n<p style=\"color: #c9c8cd; font-family: Arial,sans-serif; font-size: 14px; line-height: 17px; margin-bottom: 0; margin-top: 8px; overflow: hidden; padding: 8px 0 7px; text-align: center; text-overflow: ellipsis; white-space: nowrap;\">Uma publica\u00e7\u00e3o compartilhada por <a style=\"color: #c9c8cd; font-family: Arial,sans-serif; font-size: 14px; font-style: normal; font-weight: normal; line-height: 17px;\" href=\"https:\/\/www.instagram.com\/anitta\/?utm_source=ig_embed&amp;utm_campaign=loading\" target=\"_blank\" rel=\"noopener noreferrer\"> Anitta \ud83c\udfa4<\/a> (@anitta) em <time style=\"font-family: Arial,sans-serif; font-size: 14px; line-height: 17px;\" datetime=\"2020-10-29T21:35:27+00:00\">29 de Out, 2020 \u00e0s 2:35 PDT<\/time><\/p>\n<\/div>\n<\/blockquote>\n<p><script async src=\"\/\/www.instagram.com\/embed.js\"><\/script><\/p>\n<p>Ainda via Stories, a cantora continuou com a pauta. <em>&#8220;Voc\u00eas pol\u00edticos, que n\u00e3o sei aonde que nasceram, porque este que est\u00e1 denunciando o Cabelinho e o Maneirinho se diz no perfil dele &#8216;carioca conservador apaixonado pelo Rio'&#8221;, <\/em>disparou<em>. &#8220;N\u00e3o sei em qual Rio que voc\u00ea nasceu, mas se voc\u00ea t\u00e1 querendo maquiar o olho para uma realidade que o governo nos disp\u00f5e, pra popula\u00e7\u00e3o que nasce na favela&#8230; que vem sendo morta, crime, pol\u00edcia que tava l\u00e1 pra salvar e vira mil\u00edcia&#8230; eu nasci e cresci vendo aquilo ali. Eu vou cantar o que? Sobre o patinho na lagoa?&#8221;<\/em>, comentou.<\/p>\n<blockquote class=\"twitter-tweet\" data-width=\"550\" data-dnt=\"true\">\n<p lang=\"pt\" dir=\"ltr\">Ol\u00e1, <a href=\"https:\/\/twitter.com\/portalpopmais?ref_src=twsrc%5Etfw\" target=\"_blank\" rel=\"noopener\">@portalpopmais<\/a> Gostaria de pedir aos novos contratados fizessem mat\u00e9ria sobre o absurdo que a <a href=\"https:\/\/twitter.com\/Anitta?ref_src=twsrc%5Etfw\" target=\"_blank\" rel=\"noopener\">@Anitta<\/a> est\u00e1 denunciando em suas redes. <a href=\"https:\/\/twitter.com\/hashtag\/mcnaoebandido?src=hash&amp;ref_src=twsrc%5Etfw\" target=\"_blank\" rel=\"noopener\">#mcnaoebandido<\/a> <br \/> <a href=\"https:\/\/t.co\/nPPm6S9VxX\">pic.twitter.com\/nPPm6S9VxX<\/a><\/p>\n<p>&mdash; Adam &#8211; ME GUSTA \ud83c\udf34\ud83c\udde7\ud83c\uddf7 (@ddyadam2) <a href=\"https:\/\/twitter.com\/ddyadam2\/status\/1321949291884273671?ref_src=twsrc%5Etfw\" target=\"_blank\" rel=\"noopener\">October 29, 2020<\/a><\/p><\/blockquote>\n<p><script async src=\"https:\/\/platform.twitter.com\/widgets.js\" charset=\"utf-8\"><\/script><\/p>\n<p><em>&#8220;Ao inv\u00e9s de t\u00e1 denunciando quem desviou da vida do crime, e t\u00e1 gerando emprego, deveriam mandar pra delegacia o politico que rouba&#8221;<\/em>, finalizou.<\/p>\n<blockquote class=\"twitter-tweet\" data-width=\"550\" data-dnt=\"true\">\n<p lang=\"pt\" dir=\"ltr\">FUNK N\u00c3O \u00c9 CRIME <a href=\"https:\/\/t.co\/NuRUPs4hOi\">https:\/\/t.co\/NuRUPs4hOi<\/a><\/p>\n<p>&mdash; Adam &#8211; ME GUSTA \ud83c\udf34\ud83c\udde7\ud83c\uddf7 (@ddyadam2) <a href=\"https:\/\/twitter.com\/ddyadam2\/status\/1321946843790692352?ref_src=twsrc%5Etfw\" target=\"_blank\" rel=\"noopener\">October 29, 2020<\/a><\/p><\/blockquote>\n<p><script async src=\"https:\/\/platform.twitter.com\/widgets.js\" charset=\"utf-8\"><\/script><\/p>\n<p>&nbsp;<\/p>","protected":false},"excerpt":{"rendered":"<p>Anitta usou sua conta no Instagram para protestar conta as intima\u00e7\u00f5es que os cantores MC Cabelinho e MC Maneirinho receberam hoje (29). O funkeiro prestou depoimento \u00e0 Pol\u00edcia Civil do Rio de Janeiro sobre suposta apologia ao crime. Segundo o UOL, a not\u00edcia crime foi apresentada pela Assembleia Legislativa do Estado do Rio de Janeiro [&hellip;]<\/p>\n","protected":false},"author":1,"featured_media":54732,"comment_status":"closed","ping_status":"open","sticky":false,"template":"","format":"standard","meta":{"footnotes":""},"categories":[173],"tags":[167,3720,7462],"class_list":["post-69639","post","type-post","status-publish","format-standard","has-post-thumbnail","hentry","category-celebridades","tag-anitta","tag-mc-cabelinho","tag-mc-maneirinho"],"_links":{"self":[{"href":"https:\/\/portalpopmais.com.br\/en\/wp-json\/wp\/v2\/posts\/69639","targetHints":{"allow":["GET"]}}],"collection":[{"href":"https:\/\/portalpopmais.com.br\/en\/wp-json\/wp\/v2\/posts"}],"about":[{"href":"https:\/\/portalpopmais.com.br\/en\/wp-json\/wp\/v2\/types\/post"}],"author":[{"embeddable":true,"href":"https:\/\/portalpopmais.com.br\/en\/wp-json\/wp\/v2\/users\/1"}],"replies":[{"embeddable":true,"href":"https:\/\/portalpopmais.com.br\/en\/wp-json\/wp\/v2\/comments?post=69639"}],"version-history":[{"count":0,"href":"https:\/\/portalpopmais.com.br\/en\/wp-json\/wp\/v2\/posts\/69639\/revisions"}],"wp:featuredmedia":[{"embeddable":true,"href":"https:\/\/portalpopmais.com.br\/en\/wp-json\/wp\/v2\/media\/54732"}],"wp:attachment":[{"href":"https:\/\/portalpopmais.com.br\/en\/wp-json\/wp\/v2\/media?parent=69639"}],"wp:term":[{"taxonomy":"category","embeddable":true,"href":"https:\/\/portalpopmais.com.br\/en\/wp-json\/wp\/v2\/categories?post=69639"},{"taxonomy":"post_tag","embeddable":true,"href":"https:\/\/portalpopmais.com.br\/en\/wp-json\/wp\/v2\/tags?post=69639"}],"curies":[{"name":"wp","href":"https:\/\/api.w.org\/{rel}","templated":true}]}}