{"id":70274,"date":"2020-11-06T13:01:49","date_gmt":"2020-11-06T16:01:49","guid":{"rendered":"https:\/\/portalpopmais.com.br\/?p=70274"},"modified":"2020-11-06T13:01:49","modified_gmt":"2020-11-06T16:01:49","slug":"babu-santana-estreia-programacao-especial-em-seu-canal-para-falar-de-diabetes-e-consciencia-negra","status":"publish","type":"post","link":"https:\/\/portalpopmais.com.br\/en\/babu-santana-estreia-programacao-especial-em-seu-canal-para-falar-de-diabetes-e-consciencia-negra\/","title":{"rendered":"Babu Santana estreia programa\u00e7\u00e3o especial em seu canal para falar de Diabetes e Consci\u00eancia Negra"},"content":{"rendered":"<p>Babu Santana, que recentemente foi escalado para mais um projeto na Globo, o \u2018Falas Negras\u2019, onde interpretar\u00e1 Muhammad, est\u00e1 tamb\u00e9m gravando a novela \u2018Salve-se Quem Puder\u2019, com estreia prevista para o ano que vem. Al\u00e9m do sucesso na tv, o artista tem seu canal no YouTube e, para este m\u00eas, far\u00e1 um projeto especial voltado ao \u2018Dia Mundial do Diabetes e \u2018Dia da Consci\u00eancia Negra\u2019. A estreia \u00e9 no domingo, (08), \u00e0s 20h.<\/p>\n<p>Em seu famoso quadro de entrevistas, \u2018Fechado com Paiz\u00e3o\u2019, o ator conversa com diversas personalidades e, em novembro, ir\u00e1 dialogar com artistas que convivem com diabetes, al\u00e9m de apresentar ao p\u00fablico m\u00faltiplos conte\u00fados sobre pretitude, representatividade e consci\u00eancia racial.<\/p>\n<p>Ao lado do ator, para o lan\u00e7amento deste especial, estar\u00e1 Thelminha, m\u00e9dica e vencedora do BBB. Em uma conversa intimista, descontra\u00edda e cheia de conhecimento, Babu e Thelma falar\u00e3o sobre o que \u00e9 diabetes, como est\u00e1 sendo a rotina do Babu ap\u00f3s o diagn\u00f3stico, al\u00e9m dos desafios de ser m\u00e9dica no Brasil.<\/p>","protected":false},"excerpt":{"rendered":"<p>Babu Santana, que recentemente foi escalado para mais um projeto na Globo, o \u2018Falas Negras\u2019, onde interpretar\u00e1 Muhammad, est\u00e1 tamb\u00e9m gravando a novela \u2018Salve-se Quem Puder\u2019, com estreia prevista para o ano que vem. Al\u00e9m do sucesso na tv, o artista tem seu canal no YouTube e, para este m\u00eas, far\u00e1 um projeto especial voltado [&hellip;]<\/p>\n","protected":false},"author":1,"featured_media":70275,"comment_status":"closed","ping_status":"open","sticky":false,"template":"","format":"standard","meta":{"footnotes":""},"categories":[1],"tags":[2330],"class_list":["post-70274","post","type-post","status-publish","format-standard","has-post-thumbnail","hentry","category-fire2","tag-babu-santana"],"_links":{"self":[{"href":"https:\/\/portalpopmais.com.br\/en\/wp-json\/wp\/v2\/posts\/70274","targetHints":{"allow":["GET"]}}],"collection":[{"href":"https:\/\/portalpopmais.com.br\/en\/wp-json\/wp\/v2\/posts"}],"about":[{"href":"https:\/\/portalpopmais.com.br\/en\/wp-json\/wp\/v2\/types\/post"}],"author":[{"embeddable":true,"href":"https:\/\/portalpopmais.com.br\/en\/wp-json\/wp\/v2\/users\/1"}],"replies":[{"embeddable":true,"href":"https:\/\/portalpopmais.com.br\/en\/wp-json\/wp\/v2\/comments?post=70274"}],"version-history":[{"count":0,"href":"https:\/\/portalpopmais.com.br\/en\/wp-json\/wp\/v2\/posts\/70274\/revisions"}],"wp:featuredmedia":[{"embeddable":true,"href":"https:\/\/portalpopmais.com.br\/en\/wp-json\/wp\/v2\/media\/70275"}],"wp:attachment":[{"href":"https:\/\/portalpopmais.com.br\/en\/wp-json\/wp\/v2\/media?parent=70274"}],"wp:term":[{"taxonomy":"category","embeddable":true,"href":"https:\/\/portalpopmais.com.br\/en\/wp-json\/wp\/v2\/categories?post=70274"},{"taxonomy":"post_tag","embeddable":true,"href":"https:\/\/portalpopmais.com.br\/en\/wp-json\/wp\/v2\/tags?post=70274"}],"curies":[{"name":"wp","href":"https:\/\/api.w.org\/{rel}","templated":true}]}}