{"id":71383,"date":"2020-11-23T07:33:56","date_gmt":"2020-11-23T10:33:56","guid":{"rendered":"https:\/\/portalpopmais.com.br\/?p=71383"},"modified":"2020-11-23T08:00:19","modified_gmt":"2020-11-23T11:00:19","slug":"com-medley-justin-bieber-faz-ato-de-abertura-do-amas-com-participacao-especial-de-shawn-mendes","status":"publish","type":"post","link":"https:\/\/portalpopmais.com.br\/en\/com-medley-justin-bieber-faz-ato-de-abertura-do-amas-com-participacao-especial-de-shawn-mendes\/","title":{"rendered":"Com medley, Justin Bieber faz ato de abertura do AMAs com participa\u00e7\u00e3o especial de Shawn Mendes"},"content":{"rendered":"<p>E ocorreu no \u00faltimo domingo (22), a edi\u00e7\u00e3o de 2020 do <strong>American Music Awards<\/strong>. Tomando as devidas precau\u00e7\u00f5es por conta da pandemia causada pelo coronav\u00edrus, o evento musical contou com <strong>Justin Bieber<\/strong> como ato de abertura.<\/p>\n<p>Com um medley de <em>&#8220;Lonely&#8221;<\/em>, com <strong>Benny Blanco<\/strong>, o cantor canadense ainda cantou um pequeno trecho de <em>&#8220;Holy&#8221;<\/em>, com direito a coreografia, e de <em>&#8220;Monster&#8221;<\/em>, com <strong>Shawn Mendes<\/strong>.<\/p>\n<p>Confira:<\/p>\n<blockquote class=\"twitter-tweet\" data-width=\"550\" data-dnt=\"true\">\n<p lang=\"en\" dir=\"ltr\">Justin Bieber opens up the <a href=\"https:\/\/twitter.com\/hashtag\/AMAs?src=hash&amp;ref_src=twsrc%5Etfw\" target=\"_blank\" rel=\"noopener\">#AMAs<\/a> with an EMOTIONAL performance of &quot;Lonely&quot; <a href=\"https:\/\/t.co\/X8Ur1A8Okn\">pic.twitter.com\/X8Ur1A8Okn<\/a><\/p>\n<p>&mdash; Complex Music (@ComplexMusic) <a href=\"https:\/\/twitter.com\/ComplexMusic\/status\/1330681407199457283?ref_src=twsrc%5Etfw\" target=\"_blank\" rel=\"noopener\">November 23, 2020<\/a><\/p><\/blockquote>\n<p><script async src=\"https:\/\/platform.twitter.com\/widgets.js\" charset=\"utf-8\"><\/script><\/p>\n<blockquote class=\"twitter-tweet\" data-width=\"550\" data-dnt=\"true\">\n<p lang=\"pt\" dir=\"ltr\">Deve ser horr\u00edvel ser hater do Justin Bieber, Porque ele t\u00e1 sempre ai mostrando ser um dos maiores artistas da ind\u00fastria musical.<a href=\"https:\/\/twitter.com\/hashtag\/AMAs?src=hash&amp;ref_src=twsrc%5Etfw\" target=\"_blank\" rel=\"noopener\">#AMAs<\/a> <br \/> <a href=\"https:\/\/t.co\/rIjLB7tWtw\">pic.twitter.com\/rIjLB7tWtw<\/a><\/p>\n<p>&mdash; Mila | \ud835\udc0c\ud835\udc0e\ud835\udc0d\ud835\udc12\ud835\udc13\ud835\udc04\ud835\udc11 (@isbreaklls) <a href=\"https:\/\/twitter.com\/isbreaklls\/status\/1330681352467976193?ref_src=twsrc%5Etfw\" target=\"_blank\" rel=\"noopener\">November 23, 2020<\/a><\/p><\/blockquote>\n<p><script async src=\"https:\/\/platform.twitter.com\/widgets.js\" charset=\"utf-8\"><\/script><\/p>\n<blockquote class=\"twitter-tweet\" data-width=\"550\" data-dnt=\"true\">\n<p lang=\"en\" dir=\"ltr\">.<a href=\"https:\/\/twitter.com\/ShawnMendes?ref_src=twsrc%5Etfw\" target=\"_blank\" rel=\"noopener\">@ShawnMendes<\/a> &amp; <a href=\"https:\/\/twitter.com\/justinbieber?ref_src=twsrc%5Etfw\" target=\"_blank\" rel=\"noopener\">@JustinBieber<\/a> open the <a href=\"https:\/\/twitter.com\/hashtag\/AMAs?src=hash&amp;ref_src=twsrc%5Etfw\" target=\"_blank\" rel=\"noopener\">#AMAs<\/a> with performance of new single, \u201cMonster.\u201d \ud83c\udfb5 <a href=\"https:\/\/t.co\/Mfd1Bq0fiK\">pic.twitter.com\/Mfd1Bq0fiK<\/a><\/p>\n<p>&mdash; Pop Crave (@PopCraveMusic) <a href=\"https:\/\/twitter.com\/PopCraveMusic\/status\/1330681768568119296?ref_src=twsrc%5Etfw\" target=\"_blank\" rel=\"noopener\">November 23, 2020<\/a><\/p><\/blockquote>\n<p><script async src=\"https:\/\/platform.twitter.com\/widgets.js\" charset=\"utf-8\"><\/script><\/p>\n<blockquote class=\"twitter-tweet\" data-width=\"550\" data-dnt=\"true\">\n<p lang=\"pt\" dir=\"ltr\">PERFEITOS!!!<\/p>\n<p>Pequeno trecho da performance do Shawn Mendes com o Justin Bieber de \u2018Monster\u2019 no <a href=\"https:\/\/twitter.com\/hashtag\/AMAs?src=hash&amp;ref_src=twsrc%5Etfw\" target=\"_blank\" rel=\"noopener\">#AMAs<\/a> 2020. <a href=\"https:\/\/t.co\/MvSHL2dcSC\">pic.twitter.com\/MvSHL2dcSC<\/a><\/p>\n<p>&mdash; PSB M\u00eddias (@midiasPSB) <a href=\"https:\/\/twitter.com\/midiasPSB\/status\/1330685825651253249?ref_src=twsrc%5Etfw\" target=\"_blank\" rel=\"noopener\">November 23, 2020<\/a><\/p><\/blockquote>\n<p><script async src=\"https:\/\/platform.twitter.com\/widgets.js\" charset=\"utf-8\"><\/script><\/p>\n<blockquote class=\"wp-embedded-content\" data-secret=\"jiZ9msLzg6\"><p><a href=\"https:\/\/portalpopmais.com.br\/en\/confira-os-indicados-ao-premio-pop-mais-2020\/\">Anitta, Lu\u00edsa Sonza e Manu Gavassi lideram as indica\u00e7\u00f5es ao Pr\u00eamio POP Mais 2020<\/a><\/p><\/blockquote>\n<p><iframe loading=\"lazy\" class=\"wp-embedded-content\" sandbox=\"allow-scripts\" security=\"restricted\" style=\"position: absolute; clip: rect(1px, 1px, 1px, 1px);\" title=\"&#8220;Anitta, Lu\u00edsa Sonza e Manu Gavassi lideram as indica\u00e7\u00f5es ao Pr\u00eamio POP Mais 2020&#8221; &#8212; Portal POP Mais\" src=\"https:\/\/portalpopmais.com.br\/confira-os-indicados-ao-premio-pop-mais-2020\/embed\/#?secret=jiZ9msLzg6\" data-secret=\"jiZ9msLzg6\" width=\"600\" height=\"338\" frameborder=\"0\" marginwidth=\"0\" marginheight=\"0\" scrolling=\"no\"><\/iframe><\/p>","protected":false},"excerpt":{"rendered":"<p>E ocorreu no \u00faltimo domingo (22), a edi\u00e7\u00e3o de 2020 do American Music Awards. Tomando as devidas precau\u00e7\u00f5es por conta da pandemia causada pelo coronav\u00edrus, o evento musical contou com Justin Bieber como ato de abertura. Com um medley de &#8220;Lonely&#8221;, com Benny Blanco, o cantor canadense ainda cantou um pequeno trecho de &#8220;Holy&#8221;, com [&hellip;]<\/p>\n","protected":false},"author":7,"featured_media":71384,"comment_status":"closed","ping_status":"open","sticky":false,"template":"","format":"standard","meta":{"footnotes":""},"categories":[154,183],"tags":[408,267,7641,494],"class_list":["post-71383","post","type-post","status-publish","format-standard","has-post-thumbnail","hentry","category-musica","category-videos","tag-amas","tag-justin-bieber","tag-justin-bieber-shawn-mendes-amas","tag-shawn-mendes"],"_links":{"self":[{"href":"https:\/\/portalpopmais.com.br\/en\/wp-json\/wp\/v2\/posts\/71383","targetHints":{"allow":["GET"]}}],"collection":[{"href":"https:\/\/portalpopmais.com.br\/en\/wp-json\/wp\/v2\/posts"}],"about":[{"href":"https:\/\/portalpopmais.com.br\/en\/wp-json\/wp\/v2\/types\/post"}],"author":[{"embeddable":true,"href":"https:\/\/portalpopmais.com.br\/en\/wp-json\/wp\/v2\/users\/7"}],"replies":[{"embeddable":true,"href":"https:\/\/portalpopmais.com.br\/en\/wp-json\/wp\/v2\/comments?post=71383"}],"version-history":[{"count":0,"href":"https:\/\/portalpopmais.com.br\/en\/wp-json\/wp\/v2\/posts\/71383\/revisions"}],"wp:featuredmedia":[{"embeddable":true,"href":"https:\/\/portalpopmais.com.br\/en\/wp-json\/wp\/v2\/media\/71384"}],"wp:attachment":[{"href":"https:\/\/portalpopmais.com.br\/en\/wp-json\/wp\/v2\/media?parent=71383"}],"wp:term":[{"taxonomy":"category","embeddable":true,"href":"https:\/\/portalpopmais.com.br\/en\/wp-json\/wp\/v2\/categories?post=71383"},{"taxonomy":"post_tag","embeddable":true,"href":"https:\/\/portalpopmais.com.br\/en\/wp-json\/wp\/v2\/tags?post=71383"}],"curies":[{"name":"wp","href":"https:\/\/api.w.org\/{rel}","templated":true}]}}