{"id":71657,"date":"2020-11-26T15:51:08","date_gmt":"2020-11-26T18:51:08","guid":{"rendered":"https:\/\/portalpopmais.com.br\/?p=71657"},"modified":"2020-11-26T15:51:08","modified_gmt":"2020-11-26T18:51:08","slug":"hotelo-ep-inicio","status":"publish","type":"post","link":"https:\/\/portalpopmais.com.br\/en\/hotelo-ep-inicio\/","title":{"rendered":"Hotelo lan\u00e7a EP \u201cIn\u00edcio\u201d, primeiro trabalho pela Sony Music"},"content":{"rendered":"<p>S\u00e3o alguns anos de estrada e f\u00e3s fi\u00e9is que entendem a ess\u00eancia do <strong>Hotelo<\/strong>: distribuir sorrisos, cantar a felicidade e promover o amor sem deixar de lado o bom humor e autenticidade na medida certa. Com essa miss\u00e3o que a<a href=\"https:\/\/portalpopmais.com.br\/en\/banda-hotelo-assina-com-a-sony-music\/amp\/\" target=\"_blank\" rel=\"noopener noreferrer\"> banda se junta \u00e0 Sony Music em seu novo projeto<\/a>, \u201cIn\u00edcio, Meio e Fim\u201d, em que canta as diferentes fases de um relacionamento. Neste primeiro EP lan\u00e7assem tr\u00eas m\u00fasicas que fazem parte do \u201cIn\u00edcio\u201d: \u201cSorte\u201d, com participa\u00e7\u00e3o de Di Ferrero; \u201cConto as Horas\u201d, que tamb\u00e9m chega com clipe; e \u201cEu Te &#8230;\u201d.<\/p>\n<p>Como \u00e9 o costume do grupo formado por Deco Martins (voz), Conrado Banks (baixo\/backing vocals), Julinho Pettermann (guitarra\/ backing vocals) e Tito Caviglia (guitarra), o \u00e1lbum foi pensado com um conceito<\/p>\n<p><em>\u201cA gente gosta bastante de \u00e1lbum tem\u00e1tico. Vimos que deu muito certo com \u2018Mapa Astral\u2019. Percebemos que para este disco t\u00ednhamos um monte de m\u00fasica de amor. Ent\u00e3o s\u00e3o quatro pro in\u00edcio do relacionamento amoroso, aquele frio na barriga, quando recebe mensagem e fica sorrindo \u00e0 toa. J\u00e1 as quatro m\u00fasicas seguintes s\u00e3o de quando come\u00e7a a ter bastante DR (discuss\u00e3o de relacionamento), \u00e9 um outro amor, mais evolu\u00eddo, de cuidar da pessoa, ter mais confian\u00e7a, n\u00e3o \u00e9 mais aquela paix\u00e3o. Em termos de harmonia ela j\u00e1 \u00e9 uma m\u00fasica mais calma tamb\u00e9m. As quatro m\u00fasicas que fecham falam do fim, mas n\u00e3o \u00e9 algo triste, o Hotelo traz uma vers\u00e3o de final com esperan\u00e7a, mesmo tendo um momento de fossa, gostamos que seja algo mais pra cima\u201d<\/em>, conta o grupo.<\/p>\n<p>O disco traz duas participa\u00e7\u00f5es especiais, de Di Ferrero na nova vers\u00e3o da m\u00fasica \u201cSorte\u201d, dispon\u00edvel neste EP, e de Vitor Kley em \u201cMaior Que N\u00f3s\u201d, que estar\u00e1 no EP2. <em>\u201cSomos muito f\u00e3s do Di, \u00e9ramos f\u00e3s de NX. Foi muito legal receber o cara aqui em casa, ele gravou aqui mesmo. E quisemos puxar a m\u00fasica para uma levada mais ac\u00fastica, com mais viol\u00e3o. J\u00e1 a m\u00fasica com o Vitor \u00e9 especial, temos muito carinho pela m\u00fasica e por ele, que topou na hora participar\u201d<\/em>, compartilha o grupo.<\/p>\n<p>Juntamente com o EP \u201cIn\u00edcio\u201d, dispon\u00edvel em todas as plataformas digitais, chega o clipe de \u201cConto as Horas\u201d. Sobre o v\u00eddeo, eles dizem: \u201cA est\u00e9tica est\u00e1 muito bonita. Est\u00e1vamos com prazo apertado, mas a equipe toda com muito alto astral fez acontecer. Espero que todos gostem do resultado\u201d. O curta traz cores alegres, mantendo a ideia de paix\u00e3o do in\u00edcio de um relacionamento. Al\u00e9m disso, conta com a participa\u00e7\u00e3o da influenciadora Duda Kropf e foi dirigido e produzido pela Obvious Agency.<\/p>\n<p><iframe loading=\"lazy\" src=\"https:\/\/www.youtube.com\/embed\/HZ5N1GfQLFQ\" width=\"700\" height=\"515\" frameborder=\"0\" allowfullscreen=\"allowfullscreen\"><span data-mce-type=\"bookmark\" style=\"display: inline-block; width: 0px; overflow: hidden; line-height: 0;\" class=\"mce_SELRES_start\"><\/span><\/iframe><\/p>\n<p>O projeto foi todo pensado e at\u00e9 as capas dos EPs e do \u00e1lbum caminham juntas e com o conceito do disco. A vers\u00e3o final de \u201cIn\u00edcio, Meio e Fim\u201d ser\u00e1 uma constru\u00e7\u00e3o da capa dos 3 EPs \u201cIn\u00edcio\u201d, \u201cMeio\u201d e \u201cFim\u201d, que vai contando a hist\u00f3ria do casal at\u00e9 se encontrarem e se juntarem no \u00e1lbum final. Assim, cada lan\u00e7amento traz uma novidade que se completa. A paleta de cores usada tamb\u00e9m \u00e9 espec\u00edfica para cada fase, visando marcar bem a etapa do relacionamento.<\/p>\n<p><iframe loading=\"lazy\" title=\"Hotelo - Conto as Horas\" width=\"880\" height=\"495\" src=\"https:\/\/www.youtube.com\/embed\/HZ5N1GfQLFQ?feature=oembed\" frameborder=\"0\" allow=\"accelerometer; autoplay; clipboard-write; encrypted-media; gyroscope; picture-in-picture\" allowfullscreen><\/iframe><\/p>\n<p><a href=\"https:\/\/www.instagram.com\/bandahotelo\/\" target=\"_blank\" rel=\"noopener noreferrer\"><strong>Hotelo<\/strong><\/a> iniciou a carreira em 2013 e traz na bagagem mais de 40 m\u00fasicas lan\u00e7adas (entre EPs, \u00e1lbuns e singles), al\u00e9m de participa\u00e7\u00f5es em festivais como Planeta Brasil, NAVE (o festival das Anavit\u00f3ria) e N\u00f4made Festival. Dentre os trabalhos, se destacam o \u00e1lbum \u201cMapa Astral\u201d (uma m\u00fasica para cada signo, com participa\u00e7\u00f5es de Dinho Ouro Preto, Anavit\u00f3ria, Atitude 67, Pedro Calais (Lagum), entre outros), lan\u00e7ado no final de 2018, que conta com mais de 5 milh\u00f5es de acessos no Spotify e o single \u201cSorte\u201d, lan\u00e7ado em outubro de 2019, que exemplifica bem o Pop leve, alto astral, com mais de 6 milh\u00f5es de execu\u00e7\u00f5es na mesma plataforma.<\/p>\n<p>Morando todos juntos, eles gostam de frisar a for\u00e7a da amizade e dizem: <em>\u201cA gente n\u00e3o \u00e9 amigo porque tem uma banda e sim temos uma banda porque somos amigos\u201d.<\/em><\/p>\n<p>&nbsp;<\/p>","protected":false},"excerpt":{"rendered":"<p>Com o conceito de passear pelas fases de um relacionamento, o projeto \u201cIn\u00edcio, Meio e Fim\u201d busca tratar de temas cotidianos de forma alegre<\/p>","protected":false},"author":2,"featured_media":71658,"comment_status":"closed","ping_status":"open","sticky":false,"template":"","format":"standard","meta":{"footnotes":""},"categories":[154],"tags":[3756],"class_list":["post-71657","post","type-post","status-publish","format-standard","has-post-thumbnail","hentry","category-musica","tag-hotelo"],"_links":{"self":[{"href":"https:\/\/portalpopmais.com.br\/en\/wp-json\/wp\/v2\/posts\/71657","targetHints":{"allow":["GET"]}}],"collection":[{"href":"https:\/\/portalpopmais.com.br\/en\/wp-json\/wp\/v2\/posts"}],"about":[{"href":"https:\/\/portalpopmais.com.br\/en\/wp-json\/wp\/v2\/types\/post"}],"author":[{"embeddable":true,"href":"https:\/\/portalpopmais.com.br\/en\/wp-json\/wp\/v2\/users\/2"}],"replies":[{"embeddable":true,"href":"https:\/\/portalpopmais.com.br\/en\/wp-json\/wp\/v2\/comments?post=71657"}],"version-history":[{"count":0,"href":"https:\/\/portalpopmais.com.br\/en\/wp-json\/wp\/v2\/posts\/71657\/revisions"}],"wp:featuredmedia":[{"embeddable":true,"href":"https:\/\/portalpopmais.com.br\/en\/wp-json\/wp\/v2\/media\/71658"}],"wp:attachment":[{"href":"https:\/\/portalpopmais.com.br\/en\/wp-json\/wp\/v2\/media?parent=71657"}],"wp:term":[{"taxonomy":"category","embeddable":true,"href":"https:\/\/portalpopmais.com.br\/en\/wp-json\/wp\/v2\/categories?post=71657"},{"taxonomy":"post_tag","embeddable":true,"href":"https:\/\/portalpopmais.com.br\/en\/wp-json\/wp\/v2\/tags?post=71657"}],"curies":[{"name":"wp","href":"https:\/\/api.w.org\/{rel}","templated":true}]}}