{"id":71961,"date":"2020-12-02T11:30:07","date_gmt":"2020-12-02T14:30:07","guid":{"rendered":"https:\/\/portalpopmais.com.br\/?p=71961"},"modified":"2020-12-02T11:33:40","modified_gmt":"2020-12-02T14:33:40","slug":"deputado-de-extrema-direita-anti-lgbtqia-deixa-mandato-apos-ser-flagrado-em-orgia-gay","status":"publish","type":"post","link":"https:\/\/portalpopmais.com.br\/en\/deputado-de-extrema-direita-anti-lgbtqia-deixa-mandato-apos-ser-flagrado-em-orgia-gay\/","title":{"rendered":"Deputado de extrema-direita, anti-LGBTQIA+, deixa mandato ap\u00f3s ser flagrado em orgia gay"},"content":{"rendered":"<p>O deputado h\u00fangaro J\u00f3zsef Sz\u00e1jer , considerado de extrema-direita e conservador dos &#8220;bons costumes&#8221;, foi detido em Bruxelas, capital da B\u00e9lgica, na \u00faltima sexta-feira (27) ap\u00f3s participar de uma orgia gay.<\/p>\n<p>A homossexualidade n\u00e3o \u00e9 reprimida no pa\u00eds belga, mas o pol\u00edtico foi preso por estar em um ambiente com muita aglomera\u00e7\u00e3o, situa\u00e7\u00e3o proibida em meio a pandemia do coronav\u00edrus.<\/p>\n<p>Ap\u00f3s o esc\u00e2ndalo ser amplamente divulgado nos sites europeus, J\u00f3zsef n\u00e3o aguentou a press\u00e3o e se viu obrigado a renunciar ao seu cargo de deputado. Ele \u00e9 casado com uma ju\u00edza desde 1983 e j\u00e1 deu diversos discussos na m\u00eddia contra os direitos LGBTQIA+. Enfim, a hipocrisia!<\/p>\n<p>&nbsp;<\/p>","protected":false},"excerpt":{"rendered":"<p>O deputado h\u00fangaro J\u00f3zsef Sz\u00e1jer , considerado de extrema-direita e conservador dos &#8220;bons costumes&#8221;, foi detido em Bruxelas, capital da B\u00e9lgica, na \u00faltima sexta-feira (27) ap\u00f3s participar de uma orgia gay. A homossexualidade n\u00e3o \u00e9 reprimida no pa\u00eds belga, mas o pol\u00edtico foi preso por estar em um ambiente com muita aglomera\u00e7\u00e3o, situa\u00e7\u00e3o proibida em [&hellip;]<\/p>\n","protected":false},"author":3,"featured_media":71962,"comment_status":"closed","ping_status":"open","sticky":false,"template":"","format":"standard","meta":{"footnotes":""},"categories":[2165],"tags":[7714,7715],"class_list":["post-71961","post","type-post","status-publish","format-standard","has-post-thumbnail","hentry","category-noticias","tag-jozsef-szajer","tag-jozsef-szajer-gay"],"_links":{"self":[{"href":"https:\/\/portalpopmais.com.br\/en\/wp-json\/wp\/v2\/posts\/71961","targetHints":{"allow":["GET"]}}],"collection":[{"href":"https:\/\/portalpopmais.com.br\/en\/wp-json\/wp\/v2\/posts"}],"about":[{"href":"https:\/\/portalpopmais.com.br\/en\/wp-json\/wp\/v2\/types\/post"}],"author":[{"embeddable":true,"href":"https:\/\/portalpopmais.com.br\/en\/wp-json\/wp\/v2\/users\/3"}],"replies":[{"embeddable":true,"href":"https:\/\/portalpopmais.com.br\/en\/wp-json\/wp\/v2\/comments?post=71961"}],"version-history":[{"count":0,"href":"https:\/\/portalpopmais.com.br\/en\/wp-json\/wp\/v2\/posts\/71961\/revisions"}],"wp:featuredmedia":[{"embeddable":true,"href":"https:\/\/portalpopmais.com.br\/en\/wp-json\/wp\/v2\/media\/71962"}],"wp:attachment":[{"href":"https:\/\/portalpopmais.com.br\/en\/wp-json\/wp\/v2\/media?parent=71961"}],"wp:term":[{"taxonomy":"category","embeddable":true,"href":"https:\/\/portalpopmais.com.br\/en\/wp-json\/wp\/v2\/categories?post=71961"},{"taxonomy":"post_tag","embeddable":true,"href":"https:\/\/portalpopmais.com.br\/en\/wp-json\/wp\/v2\/tags?post=71961"}],"curies":[{"name":"wp","href":"https:\/\/api.w.org\/{rel}","templated":true}]}}