{"id":72412,"date":"2020-12-08T13:06:58","date_gmt":"2020-12-08T16:06:58","guid":{"rendered":"https:\/\/portalpopmais.com.br\/?p=72412"},"modified":"2020-12-08T13:09:37","modified_gmt":"2020-12-08T16:09:37","slug":"gwen-stefani-musica-nova-let-me-reintroduce-myself","status":"publish","type":"post","link":"https:\/\/portalpopmais.com.br\/en\/gwen-stefani-musica-nova-let-me-reintroduce-myself\/","title":{"rendered":"Gwen Stefani lan\u00e7a a in\u00e9dita \u201cLet Me Reintroduce Myself\u201d"},"content":{"rendered":"<p><strong><a aria-label=\"Gwen Stefani (opens in a new tab)\" href=\"https:\/\/portalpopmais.com.br\/en\/?s=Gwen+Stefani\" target=\"_blank\" rel=\"noreferrer noopener nofollow\" class=\"rank-math-link\">Gwen Stefani<\/a><\/strong> pegou os f\u00e3s de surpresa ao lan\u00e7ar uma m\u00fasica in\u00e9dita nesta ter\u00e7a-feira (8\/12). Intitulada <em><strong>\u201cLet Me Reintroduce Myself\u201d<\/strong><\/em> , a faixa marca o retorno da t\u00e9cnica do <em><a aria-label=\"\u201cThe Voice USA\u201d (opens in a new tab)\" href=\"https:\/\/portalpopmais.com.br\/en\/the-voice-confirma-nick-jonas-como-um-dos-tecnico-musical-em-sua-18a-temporada\/\" target=\"_blank\" rel=\"noreferrer noopener nofollow\" class=\"rank-math-link\">\u201cThe Voice USA\u201d<\/a><\/em>, sendo seu primeiro lan\u00e7amento n\u00e3o-natalino, ou em parceria com Blake Shelton, desde 2016.<\/p>\n\n\n\n<p>Para a capa do single, Gwen Stefani, hoje com 51 anos, resgatou um look usado por ela no clipe de <em>&#8220;Just a Girl&#8221;<\/em>, quando ainda estava na banda <strong>No Doubt<\/strong>. A m\u00fasica foi lan\u00e7ada na d\u00e9cada de 1990, assista o<a href=\"https:\/\/youtu.be\/PHzOOQfhPFg\" target=\"_blank\" aria-label=\" clipe aqui (opens in a new tab)\" rel=\"noreferrer noopener nofollow\" class=\"rank-math-link\"> clipe aqui<\/a>.<\/p>\n\n\n\n<div class=\"wp-block-image\"><figure class=\"aligncenter size-large is-resized\"><img loading=\"lazy\" decoding=\"async\" src=\"https:\/\/portalpopmais.com.br\/wp-content\/uploads\/2020\/12\/gwen-stefani-capa-728x694.jpeg\" alt=\"Capa de \u201cLet Me Reintroduce Myself\u201d  Gwen Stefani (Foto: Divulga\u00e7\u00e3o)\" class=\"wp-image-72415\" width=\"728\" height=\"694\" title=\"\"><figcaption>Capa de \u201cLet Me Reintroduce Myself\u201d  Gwen Stefani (Foto: Divulga\u00e7\u00e3o)<\/figcaption><\/figure><\/div>\n\n\n\n<p><em>\u201cEssa m\u00fasica \u00e9 uma maneira de dizer que estou de volta fazendo m\u00fasica nova. \u00c9 uma m\u00fasica divertida e alegre, porque me inspirei e espero trazer um pouco de alegria. A ideia era escrever uma m\u00fasica que tivesse um sentimento um pouco nost\u00e1lgico, ent\u00e3o acho que musicalmente isso te lembra uma \u00e9poca, voltando para onde eu comecei, que era com ska e reggae. E ainda sou a mesma, mas aqui est\u00e1 algo um pouco novo, caso voc\u00ea queira ouvir um pouco mais de mim\u201d<\/em>, declarou Gwen.<\/p>\n\n\n\n<h2 class=\"wp-block-heading\">Ou\u00e7a a nova m\u00fasica de Gwen Stefani:<br><\/h2>\n\n\n\n<figure class=\"wp-block-embed-youtube wp-block-embed is-type-video is-provider-youtube wp-embed-aspect-16-9 wp-has-aspect-ratio\"><div class=\"wp-block-embed__wrapper\">\n<iframe loading=\"lazy\" title=\"Gwen Stefani - Let Me Reintroduce Myself (Official Lyric Video)\" width=\"880\" height=\"495\" src=\"https:\/\/www.youtube.com\/embed\/vbrYmSsgPTw?feature=oembed\" frameborder=\"0\" allow=\"accelerometer; autoplay; clipboard-write; encrypted-media; gyroscope; picture-in-picture\" allowfullscreen><\/iframe>\n<\/div><\/figure>\n\n\n\n<p><\/p>","protected":false},"excerpt":{"rendered":"<p>Este \u00e9 o primeiro single solo, ou n\u00e3o natalino, de Gwen Stefani desde 2016. <\/p>","protected":false},"author":1,"featured_media":72417,"comment_status":"closed","ping_status":"open","sticky":false,"template":"","format":"standard","meta":{"footnotes":""},"categories":[154],"tags":[561],"class_list":["post-72412","post","type-post","status-publish","format-standard","has-post-thumbnail","hentry","category-musica","tag-gwen-stefani"],"_links":{"self":[{"href":"https:\/\/portalpopmais.com.br\/en\/wp-json\/wp\/v2\/posts\/72412","targetHints":{"allow":["GET"]}}],"collection":[{"href":"https:\/\/portalpopmais.com.br\/en\/wp-json\/wp\/v2\/posts"}],"about":[{"href":"https:\/\/portalpopmais.com.br\/en\/wp-json\/wp\/v2\/types\/post"}],"author":[{"embeddable":true,"href":"https:\/\/portalpopmais.com.br\/en\/wp-json\/wp\/v2\/users\/1"}],"replies":[{"embeddable":true,"href":"https:\/\/portalpopmais.com.br\/en\/wp-json\/wp\/v2\/comments?post=72412"}],"version-history":[{"count":0,"href":"https:\/\/portalpopmais.com.br\/en\/wp-json\/wp\/v2\/posts\/72412\/revisions"}],"wp:featuredmedia":[{"embeddable":true,"href":"https:\/\/portalpopmais.com.br\/en\/wp-json\/wp\/v2\/media\/72417"}],"wp:attachment":[{"href":"https:\/\/portalpopmais.com.br\/en\/wp-json\/wp\/v2\/media?parent=72412"}],"wp:term":[{"taxonomy":"category","embeddable":true,"href":"https:\/\/portalpopmais.com.br\/en\/wp-json\/wp\/v2\/categories?post=72412"},{"taxonomy":"post_tag","embeddable":true,"href":"https:\/\/portalpopmais.com.br\/en\/wp-json\/wp\/v2\/tags?post=72412"}],"curies":[{"name":"wp","href":"https:\/\/api.w.org\/{rel}","templated":true}]}}