{"id":73158,"date":"2020-12-17T15:33:53","date_gmt":"2020-12-17T18:33:53","guid":{"rendered":"https:\/\/portalpopmais.com.br\/?p=73158"},"modified":"2020-12-17T19:24:17","modified_gmt":"2020-12-17T22:24:17","slug":"fafa-de-belem-prepara-live-especial-de-fim-de-ano","status":"publish","type":"post","link":"https:\/\/portalpopmais.com.br\/en\/fafa-de-belem-prepara-live-especial-de-fim-de-ano\/","title":{"rendered":"Faf\u00e1 de Bel\u00e9m prepara live especial de Fim de Ano"},"content":{"rendered":"<p>Para encerrar o ano,\u00a0Faf\u00e1 de Bel\u00e9m\u00a0est\u00e1 preparando um show virtual de Natal, diretamente da casa dela, no\u00a0dia 23 de dezembro. Segundo Faf\u00e1, ser\u00e1 uma live em agradecimento, em um ano, que mesmo com tantas dificuldades, ela conseguiu trabalhar de forma virtual, abra\u00e7ando sua equipe que a acompanha na estrada e no escrit\u00f3rio. A transmiss\u00e3o ser\u00e1 em benef\u00edcio da Funda\u00e7\u00e3o do Padre Julio Lancellotli.<\/p>\n\n\n\n<p><em>\u201cQuero homenagear toda a minha equipe, m\u00fasicos, roadies, t\u00e9cnicos e pessoas que trabalham comigo h\u00e1 tantos anos. N\u00f3s conseguimos chegar juntos no final do ano, com ganho, em um ano em que muita gente ficou sem trabalhar\u201d<\/em>, conta Faf\u00e1.<\/p>\n\n\n\n<p><em>\u201cFoi uma luta, uma dificuldade, mas a f\u00e9 que nunca me abandonou e chegamos unidos como come\u00e7amos na primeira live de novela, em abril\u201d<\/em>, completa a cantora que soma 18 lives musicais, entre Brasil e Portugal e alcance de mais de 8 milh\u00f5es de pessoas, com destaque para a primeira live com temas de novelas, com 5 milh\u00f5es e as lives da Varanda de Nazar\u00e9, que alcan\u00e7ou mais de 1 milh\u00e3o de pessoas.<\/p>\n\n\n\n<p><em>\u201cTivemos que nos readequar, mas chegamos juntos, com ganho, com resultado, trabalhando e com sa\u00fade\u201d<\/em>, reflete Faf\u00e1.<\/p>\n\n\n\n<blockquote class=\"wp-block-quote is-layout-flow wp-block-quote-is-layout-flow\"><p>\u201cMuitos de n\u00f3s, da cadeia produtiva de shows e eventos n\u00e3o tiveram a mesma sorte, ent\u00e3o me sinto grata e quero dividir isso com meu p\u00fablico, com os patrocinadores e todos que caminharam junto com a gente para que tudo fosse mantido em um ano dif\u00edcil. E que venha logo a vacina e a gente possa se abra\u00e7ar pelas ruas\u201d.<\/p><\/blockquote>\n\n\n\n<p>Ser\u00e1 uma live de teclado e piano, com a presen\u00e7a das netas e da filha Mariana Bel\u00e9m, a partir das 18h, transmitida diretamente do seu canal do Youtube. Depois disso, a cantora tira f\u00e9rias at\u00e9 20 de janeiro.<\/p>\n\n\n\n<p><\/p>","protected":false},"excerpt":{"rendered":"<p>Para encerrar o ano,\u00a0Faf\u00e1 de Bel\u00e9m\u00a0est\u00e1 preparando um show virtual de Natal, diretamente da casa dela, no\u00a0dia 23 de dezembro. Segundo Faf\u00e1, ser\u00e1 uma live em agradecimento, em um ano, que mesmo com tantas dificuldades, ela conseguiu trabalhar de forma virtual, abra\u00e7ando sua equipe que a acompanha na estrada e no escrit\u00f3rio. A transmiss\u00e3o ser\u00e1 [&hellip;]<\/p>\n","protected":false},"author":2,"featured_media":73159,"comment_status":"closed","ping_status":"open","sticky":false,"template":"","format":"standard","meta":{"footnotes":""},"categories":[154],"tags":[7858],"class_list":["post-73158","post","type-post","status-publish","format-standard","has-post-thumbnail","hentry","category-musica","tag-fafa-de-belem"],"_links":{"self":[{"href":"https:\/\/portalpopmais.com.br\/en\/wp-json\/wp\/v2\/posts\/73158","targetHints":{"allow":["GET"]}}],"collection":[{"href":"https:\/\/portalpopmais.com.br\/en\/wp-json\/wp\/v2\/posts"}],"about":[{"href":"https:\/\/portalpopmais.com.br\/en\/wp-json\/wp\/v2\/types\/post"}],"author":[{"embeddable":true,"href":"https:\/\/portalpopmais.com.br\/en\/wp-json\/wp\/v2\/users\/2"}],"replies":[{"embeddable":true,"href":"https:\/\/portalpopmais.com.br\/en\/wp-json\/wp\/v2\/comments?post=73158"}],"version-history":[{"count":0,"href":"https:\/\/portalpopmais.com.br\/en\/wp-json\/wp\/v2\/posts\/73158\/revisions"}],"wp:featuredmedia":[{"embeddable":true,"href":"https:\/\/portalpopmais.com.br\/en\/wp-json\/wp\/v2\/media\/73159"}],"wp:attachment":[{"href":"https:\/\/portalpopmais.com.br\/en\/wp-json\/wp\/v2\/media?parent=73158"}],"wp:term":[{"taxonomy":"category","embeddable":true,"href":"https:\/\/portalpopmais.com.br\/en\/wp-json\/wp\/v2\/categories?post=73158"},{"taxonomy":"post_tag","embeddable":true,"href":"https:\/\/portalpopmais.com.br\/en\/wp-json\/wp\/v2\/tags?post=73158"}],"curies":[{"name":"wp","href":"https:\/\/api.w.org\/{rel}","templated":true}]}}