{"id":73279,"date":"2020-12-18T16:34:15","date_gmt":"2020-12-18T19:34:15","guid":{"rendered":"https:\/\/portalpopmais.com.br\/?p=73279"},"modified":"2020-12-18T16:34:19","modified_gmt":"2020-12-18T19:34:19","slug":"flay-live-natalina","status":"publish","type":"post","link":"https:\/\/portalpopmais.com.br\/en\/flay-live-natalina\/","title":{"rendered":"Flay anuncia live especial de Natal com voz e viol\u00e3o no Instagram"},"content":{"rendered":"<p class=\"wp-block-paragraph\">A cantora <strong><a href=\"http:\/\/instagram.com\/flay\" class=\"rank-math-link\" target=\"_blank\" rel=\"noopener\">Flay <\/a><\/strong>anunciou que far\u00e1 nesta sexta-feira (18) \u00e0s 20hs, uma transmiss\u00e3o ao vivo em formato de Especial de Natal, atrav\u00e9s do seu Instagram. A live promete unir o clima natalino com o talento ecl\u00e9tico da artista.<\/p>\n\n\n\n<p class=\"wp-block-paragraph\">Em resposta aos f\u00e3s, Flay confirmou que ir\u00e1 cantar faixas de cantores como Alcione, Chit\u00e3ozinho e Xoror\u00f3, Paula Fernandes, Henrique e Juliano e Mar\u00edlia Mendon\u00e7a. Al\u00e9m disso, ela prepara surpresas para os seguidores.<\/p>\n\n\n\n<p class=\"wp-block-paragraph\">A ideia da live surgiu atrav\u00e9s de uma vontade da cantora de presentear os seus f\u00e3s, em agradecimento ao apoio na carreira musical e atentando a pedidos que chegam constantemente em suas redes sociais. A transmiss\u00e3o ser\u00e1 um ac\u00fastico \u00edntimo, tem\u00e1tico, com voz e viol\u00e3o, e contar\u00e1 com um setlist que representa o estilo ecl\u00e9tico da <a href=\"https:\/\/portalpopmais.com.br\/en\/?amp=1&amp;s=flay\" target=\"_blank\" aria-label=\"Flay (opens in a new tab)\" rel=\"noreferrer noopener\" class=\"rank-math-link\">Flay<\/a>.<\/p>","protected":false},"excerpt":{"rendered":"<p>A cantora Flay anunciou que far\u00e1 nesta sexta-feira (18) \u00e0s 20hs, uma transmiss\u00e3o ao vivo em formato de Especial de Natal, atrav\u00e9s do seu Instagram. A live promete unir o clima natalino com o talento ecl\u00e9tico da artista. Em resposta aos f\u00e3s, Flay confirmou que ir\u00e1 cantar faixas de cantores como Alcione, Chit\u00e3ozinho e Xoror\u00f3, [&hellip;]<\/p>\n","protected":false},"author":2,"featured_media":73281,"comment_status":"closed","ping_status":"open","sticky":false,"template":"","format":"standard","meta":{"footnotes":""},"categories":[154],"tags":[2314],"class_list":["post-73279","post","type-post","status-publish","format-standard","has-post-thumbnail","hentry","category-musica","tag-flay"],"_links":{"self":[{"href":"https:\/\/portalpopmais.com.br\/en\/wp-json\/wp\/v2\/posts\/73279","targetHints":{"allow":["GET"]}}],"collection":[{"href":"https:\/\/portalpopmais.com.br\/en\/wp-json\/wp\/v2\/posts"}],"about":[{"href":"https:\/\/portalpopmais.com.br\/en\/wp-json\/wp\/v2\/types\/post"}],"author":[{"embeddable":true,"href":"https:\/\/portalpopmais.com.br\/en\/wp-json\/wp\/v2\/users\/2"}],"replies":[{"embeddable":true,"href":"https:\/\/portalpopmais.com.br\/en\/wp-json\/wp\/v2\/comments?post=73279"}],"version-history":[{"count":0,"href":"https:\/\/portalpopmais.com.br\/en\/wp-json\/wp\/v2\/posts\/73279\/revisions"}],"wp:featuredmedia":[{"embeddable":true,"href":"https:\/\/portalpopmais.com.br\/en\/wp-json\/wp\/v2\/media\/73281"}],"wp:attachment":[{"href":"https:\/\/portalpopmais.com.br\/en\/wp-json\/wp\/v2\/media?parent=73279"}],"wp:term":[{"taxonomy":"category","embeddable":true,"href":"https:\/\/portalpopmais.com.br\/en\/wp-json\/wp\/v2\/categories?post=73279"},{"taxonomy":"post_tag","embeddable":true,"href":"https:\/\/portalpopmais.com.br\/en\/wp-json\/wp\/v2\/tags?post=73279"}],"curies":[{"name":"wp","href":"https:\/\/api.w.org\/{rel}","templated":true}]}}