{"id":73283,"date":"2020-12-18T16:56:10","date_gmt":"2020-12-18T19:56:10","guid":{"rendered":"https:\/\/portalpopmais.com.br\/?p=73283"},"modified":"2020-12-18T16:56:57","modified_gmt":"2020-12-18T19:56:57","slug":"eduardo-costa-diz-que-sofre-preconceito-na-hora-da-paquera-por-ser-rico-e-a-arma-que-tenho","status":"publish","type":"post","link":"https:\/\/portalpopmais.com.br\/en\/eduardo-costa-diz-que-sofre-preconceito-na-hora-da-paquera-por-ser-rico-e-a-arma-que-tenho\/","title":{"rendered":"Eduardo Costa diz que sofre preconceito na hora da paquera por ser rico: &#8220;\u00c9 a arma que tenho&#8221;"},"content":{"rendered":"<p class=\"wp-block-paragraph\"><a href=\"https:\/\/portalpopmais.com.br\/en\/eduardo-costa-se-diz-arrependido-por-ter-votado-em-bolsonaro-o-jumento-era-eu\/\" class=\"rank-math-link\"><strong>Eduardo Costa<\/strong><\/a> revelou n\u00e3o se sentir bem quando \u00e0s mulheres se aproximam dele s\u00f3 por ter uma vida financeira melhor. <\/p>\n\n\n\n<p class=\"wp-block-paragraph\">Em entrevista \u00e0 r\u00e1dio Jovem Pan, o cantor declarou que h\u00e1 muito preconceito com quem tem dinheiro e garante que sempre est\u00e1 rodeado por belas mulheres porque n\u00e3o \u00e9 &#8220;um cara desagrad\u00e1vel&#8221;.<\/p>\n\n\n\n<p class=\"wp-block-paragraph\">\u201cA gente usa as armas que tem. Muita gente \u00e9 preconceituosa. Eu n\u00e3o sou um cara desagrad\u00e1vel, tenho um bom papo apesar de ter estudado apenas at\u00e9 o quarto ano. \u00c9 preconceito da parte das pessoas acharem que s\u00f3 pego porque tenho dinheiro\u201d, declarou o sertanejo.<\/p>\n\n\n\n<p class=\"wp-block-paragraph\">Eduardo defendeu que todo mundo gosta de ter dinheiro, mas defende que isso n\u00e3o \u00e9 o essencial em um relacionamento entre duas pessoas.<\/p>\n\n\n\n<p class=\"wp-block-paragraph\">\u201cMulher gosta de homem inteligente e se ele vem acompanhado de uma situa\u00e7\u00e3o financeira melhor, elas gostam, assim como n\u00f3s homens gostamos tamb\u00e9m\u201d, argumentou.<\/p>\n\n\n\n<p class=\"wp-block-paragraph\">Mesmo que a maioria das pessoas n\u00e3o acreditem, Eduardo Costa diz que n\u00e3o \u00e9 um cara machista e defende que \u00e0s mulheres \u00e9 que mandam nas rela\u00e7\u00f5es que j\u00e1 teve.<\/p>\n\n\n\n<p class=\"wp-block-paragraph\">&#8220;N\u00e3o sou um cara machista, sou completamente submisso \u00e0s mulheres. Manda quem pode e obedece quem tem ju\u00edzo\u201d, contou.<\/p>","protected":false},"excerpt":{"rendered":"<p>Eduardo Costa revelou n\u00e3o se sentir bem quando \u00e0s mulheres se aproximam dele s\u00f3 por ter uma vida financeira melhor. Em entrevista \u00e0 r\u00e1dio Jovem Pan, o cantor declarou que h\u00e1 muito preconceito com quem tem dinheiro e garante que sempre est\u00e1 rodeado por belas mulheres porque n\u00e3o \u00e9 &#8220;um cara desagrad\u00e1vel&#8221;. \u201cA gente usa [&hellip;]<\/p>\n","protected":false},"author":3,"featured_media":73284,"comment_status":"closed","ping_status":"open","sticky":false,"template":"","format":"standard","meta":{"footnotes":""},"categories":[173],"tags":[790,7867],"class_list":["post-73283","post","type-post","status-publish","format-standard","has-post-thumbnail","hentry","category-celebridades","tag-eduardo-costa","tag-preconceito"],"_links":{"self":[{"href":"https:\/\/portalpopmais.com.br\/en\/wp-json\/wp\/v2\/posts\/73283","targetHints":{"allow":["GET"]}}],"collection":[{"href":"https:\/\/portalpopmais.com.br\/en\/wp-json\/wp\/v2\/posts"}],"about":[{"href":"https:\/\/portalpopmais.com.br\/en\/wp-json\/wp\/v2\/types\/post"}],"author":[{"embeddable":true,"href":"https:\/\/portalpopmais.com.br\/en\/wp-json\/wp\/v2\/users\/3"}],"replies":[{"embeddable":true,"href":"https:\/\/portalpopmais.com.br\/en\/wp-json\/wp\/v2\/comments?post=73283"}],"version-history":[{"count":0,"href":"https:\/\/portalpopmais.com.br\/en\/wp-json\/wp\/v2\/posts\/73283\/revisions"}],"wp:featuredmedia":[{"embeddable":true,"href":"https:\/\/portalpopmais.com.br\/en\/wp-json\/wp\/v2\/media\/73284"}],"wp:attachment":[{"href":"https:\/\/portalpopmais.com.br\/en\/wp-json\/wp\/v2\/media?parent=73283"}],"wp:term":[{"taxonomy":"category","embeddable":true,"href":"https:\/\/portalpopmais.com.br\/en\/wp-json\/wp\/v2\/categories?post=73283"},{"taxonomy":"post_tag","embeddable":true,"href":"https:\/\/portalpopmais.com.br\/en\/wp-json\/wp\/v2\/tags?post=73283"}],"curies":[{"name":"wp","href":"https:\/\/api.w.org\/{rel}","templated":true}]}}