{"id":73363,"date":"2020-12-19T15:00:00","date_gmt":"2020-12-19T18:00:00","guid":{"rendered":"https:\/\/portalpopmais.com.br\/?p=73363"},"modified":"2020-12-19T18:11:58","modified_gmt":"2020-12-19T21:11:58","slug":"youtubers-filipe-maia-e-gabi-smith-denunciam-racismo-contra-a-filha-recem-nascida","status":"publish","type":"post","link":"https:\/\/portalpopmais.com.br\/en\/youtubers-filipe-maia-e-gabi-smith-denunciam-racismo-contra-a-filha-recem-nascida\/","title":{"rendered":"Youtubers Filipe Maia e Gabi Smith denunciam racismo contra a filha rec\u00e9m-nascida"},"content":{"rendered":"<p>Era uma quarta-feira, 28 de novembro. A pequena Esperan\u00e7a, tinha apenas alguns dias de vida e encantava os papais de primeira viagem Filipe Maia e Gabi Smith. <\/p>\n\n\n\n<p>Com 21 anos e quase tr\u00eas milh\u00f5es de seguidores nas redes sociais, os moradores de Duque de Caxias, na Baixada Fluminense, mal podiam imaginar o que poderia acontecer. <\/p>\n\n\n\n<p>Ao postar uma foto da filha, os mais diversos coment\u00e1rios indelicados come\u00e7aram a surgir. &#8220;Foi uma situa\u00e7\u00e3o at\u00edpica, porque sempre trabalhamos para divertir nosso p\u00fablico e quando compartilhamos esse momento t\u00e3o especial, as pessoas come\u00e7aram a falar da cor. Ela \u00e9 s\u00f3 uma crian\u00e7a, n\u00e3o tinha nem um m\u00eas quando postamos o v\u00eddeo&#8221;, conta Filipe.<\/p>\n\n\n\n<p>&#8220;Voc\u00eas s\u00e3o negros e ela branca?&#8221;, questionou uma seguidora, &#8220;Espera cozinhar, galera&#8221;, disse outra, se referindo ao tom de pele da beb\u00ea.<\/p>\n\n\n\n<p>\u201cForam v\u00e1rias piadinhas de duplo sentindo, inclusive insinuando que a Esperan\u00e7a n\u00e3o era minha filha\u201d, comenta o jovem. <\/p>\n\n\n\n<p>Gabi, que ainda est\u00e1 de resguardo, tamb\u00e9m indaga: \u201cEu queria entender esse questionamento de cor. Por que d\u00e3o tanta import\u00e2ncia para isso?\u201d<\/p>\n\n\n\n<p>Por conta do epis\u00f3dio, o criador de conte\u00fado acredita que houve um afastamento de algumas empresas. &#8220;N\u00f3s est\u00e1vamos com tudo certo pra come\u00e7ar a fazer um trabalho para uma marca, fizemos a primeira parte e logo depois dos coment\u00e1rios nas fotos, eles sumiram. A gente v\u00ea que n\u00e3o s\u00f3 psicol\u00f3gico, tem um dano material, que acaba sendo irrevers\u00edvel&#8221;, relata.<\/p>\n\n\n\n<p>Filipe registrou um boletim de ocorr\u00eancia online e espera que medidas sejam tomadas, para que outras pessoas n\u00e3o sofram o mesmo problema. &#8220;Esse tipo de coment\u00e1rio \u00e9 inaceit\u00e1vel. Acho que devo me posicionar sobre essa quest\u00e3o pra que todos vejam que o racismo estrutural atinge os negros desde a inf\u00e2ncia&#8221;, desabafa o rapaz.<\/p>\n\n\n\n<p><strong>Saiba como denunciar<\/strong><\/p>\n\n\n\n<p>Os epis\u00f3dios de racismo como inj\u00faria racial s\u00e3o tipificados como crime, podem render pena de at\u00e9 tr\u00eas anos e devem ser levados \u00e0s autoridades. Os boletins de ocorr\u00eancia podem ser registrados clicando <a href=\"https:\/\/dedic.pcivil.rj.gov.br\/\" class=\"rank-math-link\" target=\"_blank\" rel=\"noopener\"><strong>aqui<\/strong><\/a>. <\/p>\n\n\n\n<p><strong>Mais informa\u00e7\u00f5es:<\/strong><\/p>\n\n\n\n<p>Superintend\u00eancia de Igualdade Racial da Secretaria de Estado de Assist\u00eancia Social e Direitos Humanos Pra\u00e7a Cristiano Ottoni s\/n\u00ba, Edif\u00edcio Dom Pedro II, 6\u00ba andar, Central do Brasil &#8211; Rio de Janeiro <\/p>\n\n\n\n<p>Tel.: (21) 2334-9595 <\/p>\n\n\n\n<p>Email: supir@social.ri.gov.br<\/p>","protected":false},"excerpt":{"rendered":"<p>Era uma quarta-feira, 28 de novembro. A pequena Esperan\u00e7a, tinha apenas alguns dias de vida e encantava os papais de primeira viagem Filipe Maia e Gabi Smith. Com 21 anos e quase tr\u00eas milh\u00f5es de seguidores nas redes sociais, os moradores de Duque de Caxias, na Baixada Fluminense, mal podiam imaginar o que poderia acontecer. [&hellip;]<\/p>\n","protected":false},"author":2,"featured_media":73365,"comment_status":"closed","ping_status":"open","sticky":false,"template":"","format":"standard","meta":{"footnotes":""},"categories":[173],"tags":[7878,7879,1453],"class_list":["post-73363","post","type-post","status-publish","format-standard","has-post-thumbnail","hentry","category-celebridades","tag-filipe-maia","tag-gabi-smith","tag-racismo"],"_links":{"self":[{"href":"https:\/\/portalpopmais.com.br\/en\/wp-json\/wp\/v2\/posts\/73363","targetHints":{"allow":["GET"]}}],"collection":[{"href":"https:\/\/portalpopmais.com.br\/en\/wp-json\/wp\/v2\/posts"}],"about":[{"href":"https:\/\/portalpopmais.com.br\/en\/wp-json\/wp\/v2\/types\/post"}],"author":[{"embeddable":true,"href":"https:\/\/portalpopmais.com.br\/en\/wp-json\/wp\/v2\/users\/2"}],"replies":[{"embeddable":true,"href":"https:\/\/portalpopmais.com.br\/en\/wp-json\/wp\/v2\/comments?post=73363"}],"version-history":[{"count":0,"href":"https:\/\/portalpopmais.com.br\/en\/wp-json\/wp\/v2\/posts\/73363\/revisions"}],"wp:featuredmedia":[{"embeddable":true,"href":"https:\/\/portalpopmais.com.br\/en\/wp-json\/wp\/v2\/media\/73365"}],"wp:attachment":[{"href":"https:\/\/portalpopmais.com.br\/en\/wp-json\/wp\/v2\/media?parent=73363"}],"wp:term":[{"taxonomy":"category","embeddable":true,"href":"https:\/\/portalpopmais.com.br\/en\/wp-json\/wp\/v2\/categories?post=73363"},{"taxonomy":"post_tag","embeddable":true,"href":"https:\/\/portalpopmais.com.br\/en\/wp-json\/wp\/v2\/tags?post=73363"}],"curies":[{"name":"wp","href":"https:\/\/api.w.org\/{rel}","templated":true}]}}