{"id":74629,"date":"2021-01-13T15:42:55","date_gmt":"2021-01-13T18:42:55","guid":{"rendered":"https:\/\/portalpopmais.com.br\/?p=74629"},"modified":"2021-01-13T15:54:46","modified_gmt":"2021-01-13T18:54:46","slug":"catia-fonseca-bolsonaro-ze-mane","status":"publish","type":"post","link":"https:\/\/portalpopmais.com.br\/en\/catia-fonseca-bolsonaro-ze-mane\/","title":{"rendered":"C\u00e1tia Fonseca compara o Brasil com o Titanic e chama Bolsonaro de &#8220;Z\u00e9 Man\u00e9&#8221;"},"content":{"rendered":"<p><a href=\"https:\/\/instagram.com\/catiafonseca?igshid=1evs0jj09vmik\" class=\"rank-math-link\" target=\"_blank\" rel=\"noopener\"><strong>C\u00e1tia Fonseca<\/strong><\/a>, apresentadora do &#8216;Melhor da Tarde&#8217;, na Band, fez um desabafo ao vivo sobre a real situa\u00e7\u00e3o pol\u00edtica e econ\u00f4mica do pa\u00eds.<\/p>\n\n\n\n<p>A comunicadora, conhecida por falar o que pensa, chamou a aten\u00e7\u00e3o do p\u00fablico para a falta de comprometimento Governo na gera\u00e7\u00e3o de emprego e pol\u00edticas p\u00fablicas.<\/p>\n\n\n\n<p>&#8220;A situa\u00e7\u00e3o t\u00e1 ficando cada vez pior e os governantes se preocupando com coisas idiotas. A gente tem tanta coisa importante. \u00c9 como a casa da gente, se ela t\u00e1 arrumadinha, a gente pode procurar pelo em ovo. &#8220;Ah, vou trocar esse piso, que n\u00e3o t\u00e1 t\u00e3o bom&#8221;&#8221;, iniciou C\u00e1tia.<\/p>\n\n\n\n<p>&#8220;Quando voc\u00ea t\u00e1 com a casa esperando um monte de reforma, voc\u00ea escolhe por onde come\u00e7ar, o que \u00e9 mais emergencial. Emergencial nesse pa\u00eds \u00e9 acordar pra droga da realidade&#8221;, continuou.<\/p>\n\n\n\n<p>Ao final de sua an\u00e1lise, a apresentadora ainda comparou a situa\u00e7\u00e3o do pa\u00eds com o Titanic e disse que o presidente <a href=\"https:\/\/portalpopmais.com.br\/en\/bolsonaro-ameaca-democracia-nacional\/amp\/\" class=\"rank-math-link\"><strong>Bolsonaro<\/strong><\/a> \u00e9 um &#8220;Z\u00e9 Man\u00e9&#8221;.<\/p>\n\n\n\n<p>&#8220;T\u00e1 afundando! A gente t\u00e1 dentro do Titanic, todo mundo junto, a\u00ed voc\u00ea t\u00e1 vendo um Z\u00e9 Man\u00e9 que devia tomar conta de todo mundo e n\u00e3o toma, t\u00e1 l\u00e1 cantando, dan\u00e7ando, todo mundo olha pro cara dan\u00e7ando e dan\u00e7a junto e afunda no buraco! Faz sentido?&#8221;, concluiu.<\/p>\n\n\n\n<p>Veja o v\u00eddeo do momento:<\/p>\n\n\n\n<p><blockquote class=\"twitter-tweet\" data-width=\"550\" data-dnt=\"true\"><p lang=\"pt\" dir=\"ltr\">C\u00e1tia Fonseca (<a href=\"https:\/\/twitter.com\/catiafonseca?ref_src=twsrc%5Etfw\" target=\"_blank\" rel=\"noopener\">@catiafonseca<\/a>) fez um desabafo sobre a atual situa\u00e7\u00e3o do pa\u00eds. Ao final, a apresentadora ainda disse que o Brasil est\u00e1 afundando como o Titanic e o presidente \u00e9 um Z\u00e9 Man\u00e9. Ningu\u00e9m discorda da fada, n\u00e9?<a href=\"https:\/\/t.co\/0sCiZsen5n\">pic.twitter.com\/0sCiZsen5n<\/a><\/p>&mdash; POP Mais (@portalpopmais) <a href=\"https:\/\/twitter.com\/portalpopmais\/status\/1349425230494781444?ref_src=twsrc%5Etfw\" target=\"_blank\" rel=\"noopener\">January 13, 2021<\/a><\/blockquote><script async src=\"https:\/\/platform.twitter.com\/widgets.js\" charset=\"utf-8\"><\/script><\/p>","protected":false},"excerpt":{"rendered":"<p>C\u00e1tia Fonseca, apresentadora do &#8216;Melhor da Tarde&#8217;, na Band, fez um desabafo ao vivo sobre a real situa\u00e7\u00e3o pol\u00edtica e econ\u00f4mica do pa\u00eds. A comunicadora, conhecida por falar o que pensa, chamou a aten\u00e7\u00e3o do p\u00fablico para a falta de comprometimento Governo na gera\u00e7\u00e3o de emprego e pol\u00edticas p\u00fablicas. &#8220;A situa\u00e7\u00e3o t\u00e1 ficando cada vez [&hellip;]<\/p>\n","protected":false},"author":3,"featured_media":74630,"comment_status":"closed","ping_status":"open","sticky":false,"template":"","format":"standard","meta":{"footnotes":""},"categories":[181],"tags":[477,8031],"class_list":["post-74629","post","type-post","status-publish","format-standard","has-post-thumbnail","hentry","category-televisao","tag-bolsonaro","tag-catia-fonseca"],"_links":{"self":[{"href":"https:\/\/portalpopmais.com.br\/en\/wp-json\/wp\/v2\/posts\/74629","targetHints":{"allow":["GET"]}}],"collection":[{"href":"https:\/\/portalpopmais.com.br\/en\/wp-json\/wp\/v2\/posts"}],"about":[{"href":"https:\/\/portalpopmais.com.br\/en\/wp-json\/wp\/v2\/types\/post"}],"author":[{"embeddable":true,"href":"https:\/\/portalpopmais.com.br\/en\/wp-json\/wp\/v2\/users\/3"}],"replies":[{"embeddable":true,"href":"https:\/\/portalpopmais.com.br\/en\/wp-json\/wp\/v2\/comments?post=74629"}],"version-history":[{"count":0,"href":"https:\/\/portalpopmais.com.br\/en\/wp-json\/wp\/v2\/posts\/74629\/revisions"}],"wp:featuredmedia":[{"embeddable":true,"href":"https:\/\/portalpopmais.com.br\/en\/wp-json\/wp\/v2\/media\/74630"}],"wp:attachment":[{"href":"https:\/\/portalpopmais.com.br\/en\/wp-json\/wp\/v2\/media?parent=74629"}],"wp:term":[{"taxonomy":"category","embeddable":true,"href":"https:\/\/portalpopmais.com.br\/en\/wp-json\/wp\/v2\/categories?post=74629"},{"taxonomy":"post_tag","embeddable":true,"href":"https:\/\/portalpopmais.com.br\/en\/wp-json\/wp\/v2\/tags?post=74629"}],"curies":[{"name":"wp","href":"https:\/\/api.w.org\/{rel}","templated":true}]}}