{"id":75337,"date":"2021-01-22T10:08:41","date_gmt":"2021-01-22T13:08:41","guid":{"rendered":"https:\/\/portalpopmais.com.br\/?p=75337"},"modified":"2021-01-22T10:08:45","modified_gmt":"2021-01-22T13:08:45","slug":"duda-reis-nego-do-borel-amizade-anitta-interesse","status":"publish","type":"post","link":"https:\/\/portalpopmais.com.br\/en\/duda-reis-nego-do-borel-amizade-anitta-interesse\/","title":{"rendered":"Duda Reis fala sobre amizade de Nego do Borel com Anitta: \u201cTudo interesse\u201d"},"content":{"rendered":"<p>Duda Reis soltou o verbo nas redes sociais e comentou sobre a rela\u00e7\u00e3o com a <strong><a href=\"http:\/\/instagram.com\/anitta\" target=\"_blank\" aria-label=\" (opens in a new tab)\" rel=\"noreferrer noopener\" class=\"rank-math-link\">Anitta<\/a><\/strong>, depois que <strong><a href=\"https:\/\/portalpopmais.com.br\/en\/nego-do-borel-lanca-recomecar-criticado\/\" target=\"_blank\" aria-label=\"Nego do Borel (opens in a new tab)\" rel=\"noreferrer noopener\" class=\"rank-math-link\">Nego do Borel<\/a><\/strong> afirmou em uma entrevista que ela n\u00e3o gostava da cantora e que supostamente tentava proib\u00ed-lo de ver a amiga.<\/p>\n\n\n\n<p><em>\u201cNunca houve sentimento e muito menos gratid\u00e3o da parte dele. At\u00e9 que um dia, sem ele saber, Larissa me chamou num canto e me deu a oportunidade de realmente conhec\u00ea-la e disse que se tudo que meu pai estivesse falando fosse verdade, ela estaria do meu lado e me apoiaria\u201d<\/em>, escreveu Duda em um coment\u00e1rio do Instagram.<\/p>\n\n\n\n<div class=\"wp-block-image\"><figure class=\"aligncenter size-large\"><img loading=\"lazy\" decoding=\"async\" width=\"464\" height=\"608\" src=\"https:\/\/portalpopmais.com.br\/wp-content\/uploads\/2021\/01\/duda-reis.png\" alt=\"duda reis\" class=\"wp-image-75338\" title=\"\"><figcaption>Foto: Reprodu\u00e7\u00e3o\/ Instagram<\/figcaption><\/figure><\/div>\n\n\n\n<h2 class=\"wp-block-heading\">Duda Reis acusa Nego do Borel de agress\u00e3o<\/h2>\n\n\n\n<p>A <em>influencer<\/em> <strong>Duda Reis<\/strong> acusa o cantor<strong> Nego do Borel<\/strong> de abuso. Em desabafo publicado nas redes sociais na semana passada, Duda contou que chegou a sofrer agress\u00e3o f\u00edsica do funkeiro.<\/p>\n\n\n\n<p><em>\u201cEu apanhava e depois recebia depois recebia amor, tinha medo. Fiquei tr\u00eas anos achando que amor era apanhar e depois receber um beijo\u201d<\/em>, disse ela em uma s\u00e9rie de v\u00eddeos publicado no Stories do Instagram.<\/p>\n\n\n\n<p>Confira o relato no v\u00eddeo:<\/p>\n\n\n\n<figure class=\"wp-block-embed aligncenter is-type-video is-provider-youtube wp-block-embed-youtube wp-embed-aspect-16-9 wp-has-aspect-ratio\"><div class=\"wp-block-embed__wrapper\">\n<iframe loading=\"lazy\" title=\"DUDA REIS SOBRE NEGO DO BOREL  TEMO PELA MINHA VIDA\" width=\"880\" height=\"495\" src=\"https:\/\/www.youtube.com\/embed\/IaEv4RdXocY?feature=oembed\" frameborder=\"0\" allow=\"accelerometer; autoplay; clipboard-write; encrypted-media; gyroscope; picture-in-picture\" allowfullscreen><\/iframe>\n<\/div><\/figure>","protected":false},"excerpt":{"rendered":"<p>Duda Reis soltou o verbo nas redes sociais e comentou sobre a rela\u00e7\u00e3o com a Anitta, depois que Nego do Borel afirmou em uma entrevista que ela n\u00e3o gostava da cantora e que supostamente tentava proib\u00ed-lo de ver a amiga. \u201cNunca houve sentimento e muito menos gratid\u00e3o da parte dele. At\u00e9 que um dia, sem [&hellip;]<\/p>\n","protected":false},"author":2,"featured_media":75339,"comment_status":"closed","ping_status":"open","sticky":false,"template":"","format":"standard","meta":{"footnotes":""},"categories":[173],"tags":[7422,742],"class_list":["post-75337","post","type-post","status-publish","format-standard","has-post-thumbnail","hentry","category-celebridades","tag-duda-reis","tag-nego-do-borel"],"_links":{"self":[{"href":"https:\/\/portalpopmais.com.br\/en\/wp-json\/wp\/v2\/posts\/75337","targetHints":{"allow":["GET"]}}],"collection":[{"href":"https:\/\/portalpopmais.com.br\/en\/wp-json\/wp\/v2\/posts"}],"about":[{"href":"https:\/\/portalpopmais.com.br\/en\/wp-json\/wp\/v2\/types\/post"}],"author":[{"embeddable":true,"href":"https:\/\/portalpopmais.com.br\/en\/wp-json\/wp\/v2\/users\/2"}],"replies":[{"embeddable":true,"href":"https:\/\/portalpopmais.com.br\/en\/wp-json\/wp\/v2\/comments?post=75337"}],"version-history":[{"count":0,"href":"https:\/\/portalpopmais.com.br\/en\/wp-json\/wp\/v2\/posts\/75337\/revisions"}],"wp:featuredmedia":[{"embeddable":true,"href":"https:\/\/portalpopmais.com.br\/en\/wp-json\/wp\/v2\/media\/75339"}],"wp:attachment":[{"href":"https:\/\/portalpopmais.com.br\/en\/wp-json\/wp\/v2\/media?parent=75337"}],"wp:term":[{"taxonomy":"category","embeddable":true,"href":"https:\/\/portalpopmais.com.br\/en\/wp-json\/wp\/v2\/categories?post=75337"},{"taxonomy":"post_tag","embeddable":true,"href":"https:\/\/portalpopmais.com.br\/en\/wp-json\/wp\/v2\/tags?post=75337"}],"curies":[{"name":"wp","href":"https:\/\/api.w.org\/{rel}","templated":true}]}}