{"id":75394,"date":"2021-01-22T19:09:35","date_gmt":"2021-01-22T22:09:35","guid":{"rendered":"https:\/\/portalpopmais.com.br\/?p=75394"},"modified":"2021-01-22T19:09:38","modified_gmt":"2021-01-22T22:09:38","slug":"melim-lanca-amores-e-flores","status":"publish","type":"post","link":"https:\/\/portalpopmais.com.br\/en\/melim-lanca-amores-e-flores\/","title":{"rendered":"Melim lan\u00e7a &#8220;Amores E Flores&#8221;, segunda parte do \u00e1lbum gravado no Capitol Records Studios"},"content":{"rendered":"<p class=\"wp-block-paragraph\">\u201c<strong><em>Amores e Flores<\/em><\/strong>\u201d, a segunda parte do \u00e1lbum da\u00a0<strong>Melim\u00a0<\/strong>gravado em Los Angeles (EUA), no Capitol Records Studios, \u00e9 lan\u00e7ada pela\u00a0<strong>Universal Music<\/strong>\u00a0em janeiro de 2021, em todas as plataformas digitais.<\/p>\n\n\n\n<p class=\"wp-block-paragraph\">O novo projeto da Melim \u00e9a extens\u00e3o de \u201c<em>Eu Feat. Voc\u00ea\u201d<\/em>, que foi indicado ao Grammy Latino 2020 na categoria \u201cMelhor \u00c1lbum de Pop Contempor\u00e2neo\u201d, completa e equilibra o disco de modo que as duas partes ficassem interessantes, com can\u00e7\u00f5es rom\u00e2nticas, positivas e pitadas de&nbsp;<em>reggae<\/em>,&nbsp;<em>pop<\/em>&nbsp;e&nbsp;<em>folk<\/em>, g\u00eaneros musicais sempre presentes nas obras dos irm\u00e3os Melim.<\/p>\n\n\n\n<p class=\"wp-block-paragraph\"><em>\u201cEscolhemos esse t\u00edtulo<\/em>&nbsp;<em>por j\u00e1 termos lan\u00e7ado esse single anteriormente, assim como \u201cEu Feat. Voc\u00ea\u201d, que foi nossa aposta para a estreia do lan\u00e7amento anterior. Todas as faixas s\u00e3o audiovisuais e estamos muito animados<\/em>\u201d, afirma Rodrigo.<\/p>\n\n\n\n<p class=\"wp-block-paragraph\">O&nbsp;<em>single<\/em>&nbsp;que abre o trabalho, \u201cPossessiva\u201d, \u00e9 o cart\u00e3o de visita e chega como a nova m\u00fasica de trabalho do trio, que estrela um rom\u00e2ntico clipe. \u201c<em>\u00c9 uma m\u00fasica muito alegre, animada e delicada. A voz da Gabi se casou perfeitamente com a letra<\/em>\u201d, conta Diogo.<\/p>\n\n\n\n<p class=\"wp-block-paragraph\">Sob a produ\u00e7\u00e3o musical da US3 Produ\u00e7\u00f5es Musicais, o material cont\u00e9m, al\u00e9m da faixa hom\u00f4nima, cinco&nbsp;<em>singles<\/em>&nbsp;autorais e in\u00e9ditos e uma releitura de \u201cO bem\u201d, de Arlindo Cruz.<\/p>\n\n\n\n<p class=\"wp-block-paragraph\">\u201c<em>A segunda etapa do nosso disco conta a hist\u00f3ria completa desse momento mais intenso e maduro que estamos vivendo artisticamente. A gente passeia pelo reggae, pop e MPB, trazendo nossa assinatura em todas as composi\u00e7\u00f5es. Tamb\u00e9m elegemos uma releitura muito especial, que transmite a mensagem que buscamos, \u2018o bem<\/em>\u2019.&nbsp;<em>Nosso disco \u00e9 um abra\u00e7o sincero na alma, feito com muito carinho e dedica\u00e7\u00e3o<\/em>\u201d, define Gabi Melim.<\/p>\n\n\n\n<p class=\"wp-block-paragraph\">O som de \u201cImpar\u201d carrega a caracter\u00edstica MPB solar da banda. Em seguida, \u201cTeu c\u00e9u\u201d embala pop juntamente com um convidado especial,&nbsp;<strong>Projota<\/strong>. \u201cAzulzinho\u201d traz o&nbsp;<em>reggae<\/em>&nbsp;\u2018<em>good vibes\u2019<\/em>, at\u00e9 chegar em \u201cPaz e amor\u201d, que fecha o disco com um&nbsp;<em>groove<\/em>&nbsp;tropical.<\/p>\n\n\n\n<p class=\"wp-block-paragraph\">\u201c<em>\u2019Amores e Flores\u2019 termina de contar a hist\u00f3ria que come\u00e7amos l\u00e1 em \u201cEu. Feat. Voc\u00ea\u201d. Seguimos com o mesmo pensamento que tivemos, que \u00e9 fazer m\u00fasicas com a cara da Melim, mas que tenham pequenos passos para outra dire\u00e7\u00e3o. M\u00fasica \u00e9 a nossa melhor parte. O resultado est\u00e1 lindo e \u00e9 uma soma de talentos de todo mundo. Somos gratos em trabalhar com pessoas incr\u00edveis, que transformam nossos sonhos em realidade, em disco<\/em>\u201d, finaliza Diogo.<\/p>","protected":false},"excerpt":{"rendered":"<p>\u201cAmores e Flores\u201d, a segunda parte do \u00e1lbum da\u00a0Melim\u00a0gravado em Los Angeles (EUA), no Capitol Records Studios, \u00e9 lan\u00e7ada pela\u00a0Universal Music\u00a0em janeiro de 2021, em todas as plataformas digitais. O novo projeto da Melim \u00e9a extens\u00e3o de \u201cEu Feat. Voc\u00ea\u201d, que foi indicado ao Grammy Latino 2020 na categoria \u201cMelhor \u00c1lbum de Pop Contempor\u00e2neo\u201d, completa [&hellip;]<\/p>\n","protected":false},"author":2,"featured_media":75395,"comment_status":"closed","ping_status":"open","sticky":false,"template":"","format":"standard","meta":{"footnotes":""},"categories":[154],"tags":[203],"class_list":["post-75394","post","type-post","status-publish","format-standard","has-post-thumbnail","hentry","category-musica","tag-melim"],"_links":{"self":[{"href":"https:\/\/portalpopmais.com.br\/en\/wp-json\/wp\/v2\/posts\/75394","targetHints":{"allow":["GET"]}}],"collection":[{"href":"https:\/\/portalpopmais.com.br\/en\/wp-json\/wp\/v2\/posts"}],"about":[{"href":"https:\/\/portalpopmais.com.br\/en\/wp-json\/wp\/v2\/types\/post"}],"author":[{"embeddable":true,"href":"https:\/\/portalpopmais.com.br\/en\/wp-json\/wp\/v2\/users\/2"}],"replies":[{"embeddable":true,"href":"https:\/\/portalpopmais.com.br\/en\/wp-json\/wp\/v2\/comments?post=75394"}],"version-history":[{"count":0,"href":"https:\/\/portalpopmais.com.br\/en\/wp-json\/wp\/v2\/posts\/75394\/revisions"}],"wp:featuredmedia":[{"embeddable":true,"href":"https:\/\/portalpopmais.com.br\/en\/wp-json\/wp\/v2\/media\/75395"}],"wp:attachment":[{"href":"https:\/\/portalpopmais.com.br\/en\/wp-json\/wp\/v2\/media?parent=75394"}],"wp:term":[{"taxonomy":"category","embeddable":true,"href":"https:\/\/portalpopmais.com.br\/en\/wp-json\/wp\/v2\/categories?post=75394"},{"taxonomy":"post_tag","embeddable":true,"href":"https:\/\/portalpopmais.com.br\/en\/wp-json\/wp\/v2\/tags?post=75394"}],"curies":[{"name":"wp","href":"https:\/\/api.w.org\/{rel}","templated":true}]}}