{"id":75624,"date":"2021-01-27T12:33:13","date_gmt":"2021-01-27T15:33:13","guid":{"rendered":"https:\/\/portalpopmais.com.br\/?p=75624"},"modified":"2021-01-27T12:36:38","modified_gmt":"2021-01-27T15:36:38","slug":"recordtv-demite-marcos-mion","status":"publish","type":"post","link":"https:\/\/portalpopmais.com.br\/en\/recordtv-demite-marcos-mion\/","title":{"rendered":"RecordTV demite Marcos Mion"},"content":{"rendered":"<p class=\"wp-block-paragraph\">Bomba! Segundo informa\u00e7\u00f5es do colunista <a href=\"https:\/\/entretenimento.r7.com\/prisma\/flavio-ricco\/fazenda-tera-novo-apresentador-record-rescinde-com-marcos-mion-27012021\" target=\"_blank\" aria-label=\"Flavio Ricco (opens in a new tab)\" rel=\"noreferrer noopener\" class=\"rank-math-link\">Flavio Ricco<\/a>, o apresentador <strong><a href=\"https:\/\/portalpopmais.com.br\/en\/marcos-mion-deixa-concorrencia-de-lado-e-comenta-sobre-bbb21-vai-bombar\/\" target=\"_blank\" aria-label=\"Marcos Mion (opens in a new tab)\" rel=\"noreferrer noopener\" class=\"rank-math-link\">Marcos Mion<\/a><\/strong> n\u00e3o \u00e9 mais contratado da <strong>Record TV<\/strong>.<\/p>\n\n\n\n<p class=\"wp-block-paragraph\">Em nota publicada em sua coluna no R7, o jornalista afirma que a partir de an\u00e1lises realizadas, concluiu-se que ainda h\u00e1 o que fazer para melhorar os rendimentos do programa.<\/p>\n\n\n\n<p class=\"wp-block-paragraph\">E mesmo com a sua estreia prevista apenas para o segundo semestre, provavelmente na primeira ou segunda semana de setembro, as primeiras medidas est\u00e3o sendo, n\u00e3o s\u00f3 discutidas, mas tomadas desde j\u00e1.<\/p>\n\n\n\n<p class=\"wp-block-paragraph\">Entre elas est\u00e1 a troca de apresentador, que mesmo com contrato previsto para acabar apenas em dezembro, a emissora optou por rescindir, j\u00e1 que n\u00e3o h\u00e1 um outro projeto para alocar o comunicador.<\/p>\n\n\n\n<p class=\"wp-block-paragraph\">O motivo da sa\u00edda seria desgastes com a dire\u00e7\u00e3o do programa na \u00faltima edi\u00e7\u00e3o de &#8220;A Fazenda&#8221;, com uma s\u00e9rie de erros de apura\u00e7\u00e3o de provas e regras quebradas.<\/p>\n\n\n\n<p class=\"wp-block-paragraph\">Com a sa\u00edda, Marcos Mion fica livre para negociar com outras emissoras. Rumores apontam que ele \u00e9 um dos cotados para substituir Faust\u00e3o, q<a href=\"https:\/\/portalpopmais.com.br\/en\/globo-confirma-saida-de-faustao-no-final-do-ano\/\" target=\"_blank\" aria-label=\"ue anunciou sua sa\u00edda da Globo no final do ano. (opens in a new tab)\" rel=\"noreferrer noopener\" class=\"rank-math-link\">ue anunciou sua sa\u00edda da Globo no final do ano.<\/a><\/p>","protected":false},"excerpt":{"rendered":"<p>Bomba! Segundo informa\u00e7\u00f5es do colunista Flavio Ricco, o apresentador Marcos Mion n\u00e3o \u00e9 mais contratado da Record TV. Em nota publicada em sua coluna no R7, o jornalista afirma que a partir de an\u00e1lises realizadas, concluiu-se que ainda h\u00e1 o que fazer para melhorar os rendimentos do programa. E mesmo com a sua estreia prevista [&hellip;]<\/p>\n","protected":false},"author":2,"featured_media":73483,"comment_status":"closed","ping_status":"open","sticky":false,"template":"","format":"standard","meta":{"footnotes":""},"categories":[1],"tags":[2163,8142],"class_list":["post-75624","post","type-post","status-publish","format-standard","has-post-thumbnail","hentry","category-fire2","tag-capa","tag-flavio-ricco"],"_links":{"self":[{"href":"https:\/\/portalpopmais.com.br\/en\/wp-json\/wp\/v2\/posts\/75624","targetHints":{"allow":["GET"]}}],"collection":[{"href":"https:\/\/portalpopmais.com.br\/en\/wp-json\/wp\/v2\/posts"}],"about":[{"href":"https:\/\/portalpopmais.com.br\/en\/wp-json\/wp\/v2\/types\/post"}],"author":[{"embeddable":true,"href":"https:\/\/portalpopmais.com.br\/en\/wp-json\/wp\/v2\/users\/2"}],"replies":[{"embeddable":true,"href":"https:\/\/portalpopmais.com.br\/en\/wp-json\/wp\/v2\/comments?post=75624"}],"version-history":[{"count":0,"href":"https:\/\/portalpopmais.com.br\/en\/wp-json\/wp\/v2\/posts\/75624\/revisions"}],"wp:featuredmedia":[{"embeddable":true,"href":"https:\/\/portalpopmais.com.br\/en\/wp-json\/wp\/v2\/media\/73483"}],"wp:attachment":[{"href":"https:\/\/portalpopmais.com.br\/en\/wp-json\/wp\/v2\/media?parent=75624"}],"wp:term":[{"taxonomy":"category","embeddable":true,"href":"https:\/\/portalpopmais.com.br\/en\/wp-json\/wp\/v2\/categories?post=75624"},{"taxonomy":"post_tag","embeddable":true,"href":"https:\/\/portalpopmais.com.br\/en\/wp-json\/wp\/v2\/tags?post=75624"}],"curies":[{"name":"wp","href":"https:\/\/api.w.org\/{rel}","templated":true}]}}