{"id":76187,"date":"2021-02-04T23:55:46","date_gmt":"2021-02-05T02:55:46","guid":{"rendered":"https:\/\/portalpopmais.com.br\/?p=76187"},"modified":"2021-02-05T19:17:30","modified_gmt":"2021-02-05T22:17:30","slug":"lancamentos-05-de-fevereiro-de-2021","status":"publish","type":"post","link":"https:\/\/portalpopmais.com.br\/en\/lancamentos-05-de-fevereiro-de-2021\/","title":{"rendered":"Lan\u00e7amentos da semana: Cardi B, Hayley Williams, MC Zaac e mais!"},"content":{"rendered":"\n<p>Mais uma sexta-feira de lan\u00e7amentos, a primeira de fevereiro! Hoje (04) o destaque fica por conta de<strong> <a href=\"http:\/\/instagram.com\/iamcardib\" target=\"_blank\" aria-label=\"Cardi B (opens in a new tab)\" rel=\"noreferrer noopener\" class=\"rank-math-link\">Cardi B<\/a><\/strong>!<\/p>\n\n\n\n<p>A rapper lan\u00e7a seu novo single <em>&#8220;Up&#8221;<\/em>, o primeiro como artista principal desde o hit global <em>&#8220;WAP&#8221;<\/em> (2020).<\/p>\n\n\n\n<p>Al\u00e9m de Cardi, a semana traz ainda novidades de <strong>Hayley Williams<\/strong>, <strong><a href=\"https:\/\/portalpopmais.com.br\/demi-lovato-sam-fischer-what-other-people-say\/\" target=\"_blank\" aria-label=\"Demi Lovato (opens in a new tab)\" rel=\"noreferrer noopener\" class=\"rank-math-link\">Demi Lovato<\/a><\/strong>, <strong>Taby<\/strong>, al\u00e9m das parcerias <strong>G-Eazy<\/strong> e <strong>Chris Brown<\/strong>, <strong>MARINA <\/strong>e <strong><a href=\"http:\/\/instagram.com\/pabllovittar\" target=\"_blank\" aria-label=\" (opens in a new tab)\" rel=\"noreferrer noopener\" class=\"rank-math-link\">Pabllo Vittar<\/a><\/strong>.<\/p>\n\n\n\n<p>Confira os principais lan\u00e7amentos da semana e aproveite para seguir nossa playlist.<\/p>\n\n\n\n<h2 class=\"wp-block-heading\">Cardi B<\/h2>\n\n\n\n<p>Depois do sucesso global <em>&#8220;WAP&#8221;<\/em>, parceria com <strong>Megan Thee Stallion<\/strong>,<strong> Cardi B<\/strong> est\u00e1 de volta com mais uma super produ\u00e7\u00e3o:<em> &#8220;Up&#8221;<\/em>.<\/p>\n\n\n\n<p>A can\u00e7\u00e3o far\u00e1 parte do novo \u00e1lbum de est\u00fadio da rapper, o sucessor de <em>&#8220;Invasion of Privacy\u201d<\/em>, de 2018.<\/p>\n\n\n\n<figure class=\"wp-block-embed aligncenter is-type-video is-provider-youtube wp-block-embed-youtube wp-embed-aspect-16-9 wp-has-aspect-ratio\"><div class=\"wp-block-embed__wrapper\">\n<iframe loading=\"lazy\" title=\"Cardi B - Up [Official Music Video]\" width=\"880\" height=\"495\" src=\"https:\/\/www.youtube.com\/embed\/rCiBgLOcuKU?feature=oembed\" frameborder=\"0\" allow=\"accelerometer; autoplay; clipboard-write; encrypted-media; gyroscope; picture-in-picture\" allowfullscreen><\/iframe>\n<\/div><\/figure>\n\n\n\n<h2 class=\"wp-block-heading\">Demi Lovato e Sam Fischer<\/h2>\n\n\n\n<p>Enquanto prepara seu novo disco, Demi Lovato se uniu \u00e0 Sam Fischer na parceria &#8220;What Other People Say&#8221;, lan\u00e7ada nesta quinta (4).<\/p>\n\n\n\n<p>&nbsp;\u201c<em>Esta m\u00fasica \u00e9 uma reflex\u00e3o sobre como \u00e9 se perder realmente em um esfor\u00e7o para agradar \u00e0s outras pessoas e \u00e0 sociedade<\/em>.<em>&nbsp;&nbsp;\u00c9 por isso que eu queria fazer essa m\u00fasica com Sam \u2013 ela fala basicamente sobre dois humanos se unindo para se conectar e encontrar solu\u00e7\u00f5es para seus problemas\u201d<\/em>, explica Demi Lovato.<\/p>\n\n\n\n<p>Saiba tudo sobre essa faixa <a aria-label=\"clicando aqui. (opens in a new tab)\" href=\"https:\/\/portalpopmais.com.br\/demi-lovato-sam-fischer-what-other-people-say\" target=\"_blank\" rel=\"noreferrer noopener\" class=\"rank-math-link\">clicando aqui.<\/a><\/p>\n\n\n\n<h2 class=\"wp-block-heading\">G-Eazy e Chris Brown<\/h2>\n\n\n\n<p>Ap\u00f3s breve hiato, <strong>G-Eazy<\/strong> est\u00e1 de volta e escalou <strong>Chris Brown<\/strong> para seu novo single, <em>&#8220;Provide&#8221;<\/em>.<\/p>\n\n\n\n<p>A m\u00fasica usa a sample do cl\u00e1ssico <em>&#8220;Return of The Mack&#8221;<\/em> (1996), de Mark Morrison, e chega acompanhada de videoclipe.<\/p>\n\n\n\n<figure class=\"wp-block-embed aligncenter is-type-video is-provider-youtube wp-block-embed-youtube wp-embed-aspect-4-3 wp-has-aspect-ratio\"><div class=\"wp-block-embed__wrapper\">\n<iframe loading=\"lazy\" title=\"G-Eazy - Provide (Official Video) ft. Chris Brown, Mark Morrison\" width=\"880\" height=\"660\" src=\"https:\/\/www.youtube.com\/embed\/kmMOASvXa9U?feature=oembed\" frameborder=\"0\" allow=\"accelerometer; autoplay; clipboard-write; encrypted-media; gyroscope; picture-in-picture\" allowfullscreen><\/iframe>\n<\/div><\/figure>\n\n\n\n<h2 class=\"wp-block-heading\">Hayley Williams<\/h2>\n\n\n\n<p>Ex-Paramore, Hayley Williams lan\u00e7a hoje (5) seu segundo \u00e1lbum solo, &#8220;FLOWERS for VASES \/ descansos&#8221;.<\/p>\n\n\n\n<p>Este \u00e9 o sucessor do super elogiado <em>\u201cPetals for Armor\u201c<\/em>, lan\u00e7ado no ano passado. Ou\u00e7a:<\/p>\n\n\n\n<center><iframe loading=\"lazy\" src=\"https:\/\/open.spotify.com\/embed\/album\/3JSvIZCtxK4fUywBK41129\" width=\"300\" height=\"380\" frameborder=\"0\" allowtransparency=\"true\" allow=\"encrypted-media\"><\/iframe><\/center>\n\n\n\n<h2 class=\"wp-block-heading\">MC Niack, Maejor e Sofia Reys<\/h2>\n\n\n\n<p>Depois do sucesso com o hit \u201cOh Juliana\u201d e de figurar na Billboard americana, o cantor&nbsp;<strong>Niack<\/strong>&nbsp;acaba de confirmar a primeira parceria internacional: o single&nbsp;<strong>\u201cVida\u201d&nbsp;<\/strong>do americano&nbsp;<strong>Maejor<\/strong>, com participa\u00e7\u00e3o da mexicana&nbsp;<strong>Sofia Reyes<\/strong><\/p>\n\n\n\n<p>Maejor traz no curr\u00edculo a produ\u00e7\u00e3o de hits de nomes ocmo Justin Bieber, Post Malone, Wiz Khalifa, Tiesto, Iggy Azalea e Martin Garrix. <\/p>\n\n\n\n<p>Sofia Reyes, que j\u00e1 \u00e9 conhecida do p\u00fablico brasileiro pela parceria com Anitta e Rita Ora no single \u201cR.I.P\u201d. Al\u00e9m disso, soma mais de 2 bilh\u00f5es de streams globais.<\/p>\n\n\n\n<p>O resultado dessa mistura de talentos voc\u00ea confere abaixo:<\/p>\n\n\n\n<figure class=\"wp-block-embed aligncenter is-type-video is-provider-youtube wp-block-embed-youtube wp-embed-aspect-16-9 wp-has-aspect-ratio\"><div class=\"wp-block-embed__wrapper\">\n<iframe loading=\"lazy\" title=\"Maejor, Sof\u00eda Reyes &amp; Niack - Vida (Official Video)\" width=\"880\" height=\"495\" src=\"https:\/\/www.youtube.com\/embed\/9yFXL_9MHs4?feature=oembed\" frameborder=\"0\" allow=\"accelerometer; autoplay; clipboard-write; encrypted-media; gyroscope; picture-in-picture\" allowfullscreen><\/iframe>\n<\/div><\/figure>\n\n\n\n<h2 class=\"wp-block-heading\">Marina e Pabllo Vittar<\/h2>\n\n\n\n<p>SAIU! A aguardada parceria entre&nbsp;<strong><a rel=\"noreferrer noopener\" href=\"https:\/\/portalpopmais.com.br\/marina-pabllo-vittar-parceria\/amp\/\" target=\"_blank\">MARINA<\/a><\/strong>&nbsp;e&nbsp;<a rel=\"noreferrer noopener\" target=\"_blank\" href=\"http:\/\/instagram.com\/pabllovittar\">Pabllo Vittar<\/a>&nbsp;j\u00e1 est\u00e1 entre n\u00f3s! A can\u00e7\u00e3o \u00e9 um remix do sucesso global&nbsp;<a rel=\"noreferrer noopener\" href=\"https:\/\/www.youtube.com\/watch?v=obxFWNeGDOg\" target=\"_blank\"><em>\u201cMans\u2019 World\u201d<\/em><\/a><\/p>\n\n\n\n<p>A faixa une MARINA a uma dupla de colaboradores verdadeiramente not\u00e1veis: a aclamada cantora, compositora e produtora Empress Of (a.k.a. Lorely Rodriguez).<\/p>\n\n\n\n<p>Confira todos os detalhes desse lan\u00e7amento <a aria-label=\"clicando aqui (opens in a new tab)\" href=\"https:\/\/portalpopmais.com.br\/marina-pabllo-vittar-mans-world-remix\/\" target=\"_blank\" rel=\"noreferrer noopener\" class=\"rank-math-link\">clicando aqui<\/a>. <\/p>\n\n\n\n<h2 class=\"wp-block-heading\">Sia &amp; David Guetta<\/h2>\n\n\n\n<p>O filme de estreia de Sia como diretora,&nbsp;<em>\u201cMusic\u201d<\/em>, acaba de receber duas nomina\u00e7\u00f5es ao Golden Globes, incluindo uma para a categoria&nbsp;<em>\u201cBest Motion Picture \u2013 Musical or Comedy\u201d<\/em>. Kate Hudson foi tamb\u00e9m nominada para a categoria de&nbsp;<em>\u201cBest Performance by an Actress in a Motion Picture \u2013 Musical or Comedy\u201d<\/em>.<\/p>\n\n\n\n<p><em>\u201cEste filme \u00e9 uma carta de amor para todos que j\u00e1 sentiram que n\u00e3o tinham voz. Uma incr\u00edvel, empolgante e inacredit\u00e1vel experi\u00eancia. Parab\u00e9ns a todos aqueles que participaram do filme e tamb\u00e9m \u00e0 equipe, e obrigada \u00e0 Hollywood Foreign Press. Que honra!\u201d<\/em>, comentou Sia.<\/p>\n\n\n\n<p>Confira todos os detalhes desse lan\u00e7amento <a aria-label=\"clicando aqui (opens in a new tab)\" href=\"https:\/\/portalpopmais.com.br\/sia-lanca-floating-through-spacee-celebra-indicacao-ao-globo-de-ouro\/\" target=\"_blank\" rel=\"noreferrer noopener\" class=\"rank-math-link\">clicando aqui<\/a>. <\/p>\n\n\n\n<h2 class=\"wp-block-heading\">La\u00eds Bianchessi e MC Zaac<\/h2>\n\n\n\n<p>Nesta sexta-feira (5), La\u00eds Bianchessi e MC Zaac lan\u00e7aram a faixa &#8220;Cora\u00e7\u00e3o Bobo&#8221;. Com uma vibe rom\u00e2ntica e batida mel\u00f3dica a can\u00e7\u00e3o apostou em uma letra que fala de sentimentos, enfatizando o amor que acontece por acaso, o pop rom\u00e2ntico vem com potencial para ser o novo hit do ver\u00e3o.<\/p>\n\n\n\n<p>&#8220;Cora\u00e7\u00e3o Bobo&#8221; ganha sua vers\u00e3o em music&nbsp;v\u00eddeo&nbsp;gravado em S\u00e3o Paulo, com dire\u00e7\u00e3o de Raphael Montagner, trazendo uma intera\u00e7\u00e3o entre os artistas que se dividem em tr\u00eas cen\u00e1rios diferentes, em clima de romance e descontra\u00e7\u00e3o, uma aposta diferente do trabalho que Zaac apresentou at\u00e9 hoje. <\/p>\n\n\n\n<figure class=\"wp-block-embed aligncenter is-type-video is-provider-youtube wp-block-embed-youtube wp-embed-aspect-16-9 wp-has-aspect-ratio\"><div class=\"wp-block-embed__wrapper\">\n<iframe loading=\"lazy\" title=\"Lais Bianchessi, Mc Zaac - CORA\u00c7\u00c3O BOBO (Clipe Oficial)\" width=\"880\" height=\"495\" src=\"https:\/\/www.youtube.com\/embed\/6gzZFO1Ee_Y?feature=oembed\" frameborder=\"0\" allow=\"accelerometer; autoplay; clipboard-write; encrypted-media; gyroscope; picture-in-picture\" allowfullscreen><\/iframe>\n<\/div><\/figure>\n\n\n\n<h2 class=\"wp-block-heading\">Gusttavo Lima<\/h2>\n\n\n\n<p>Com 13 faixas, Gusttavo Lima finalmente liberou o \u00e1lbum \u201cO Embaixador The Legacy\u201d. O lan\u00e7amento tamb\u00e9m marca o o in\u00edcio da segunda temporada da divulga\u00e7\u00e3o do DVD e a estreia do terceiro single, \u201cFala Comigo\u201d \u2013 que promete ser um dos grandes destaques do trabalho.<\/p>\n\n\n\n<figure class=\"wp-block-embed aligncenter is-type-video is-provider-youtube wp-block-embed-youtube wp-embed-aspect-16-9 wp-has-aspect-ratio\"><div class=\"wp-block-embed__wrapper\">\n<iframe loading=\"lazy\" title=\"Gusttavo Lima - Fala Comigo (O Embaixador The Legacy)\" width=\"880\" height=\"495\" src=\"https:\/\/www.youtube.com\/embed\/dUa6latApUA?feature=oembed\" frameborder=\"0\" allow=\"accelerometer; autoplay; clipboard-write; encrypted-media; gyroscope; picture-in-picture\" allowfullscreen><\/iframe>\n<\/div><\/figure>\n\n\n\n<center> <iframe loading=\"lazy\" src=\"https:\/\/open.spotify.com\/embed\/album\/78YLa6QF2hX4A0QIX80QGy\" width=\"600\" height=\"380\" frameborder=\"0\" allowtransparency=\"true\" allow=\"encrypted-media\"><\/iframe><\/center>\n\n\n\n<h2 class=\"wp-block-heading\">Maiara e Maraisa e Japinha Conde<\/h2>\n\n\n\n<p>As irm\u00e3s <strong>Maiara &amp; Maraisa<\/strong> lan\u00e7am nesta sexta-feira (05), pela Som Livre, seu novo single: a faixa &#8220;<strong>Vou F\u00e1cil<\/strong>&#8220;, com participa\u00e7\u00e3o especial da cantora <strong>Japinha Conde<\/strong> &#8211; vocalista da banda Conde do Forr\u00f3, sensa\u00e7\u00e3o no Nordeste. O clipe foi gravado em Goi\u00e2nia, seguindo todos os protocolos de seguran\u00e7a, e mostra tr\u00eas casais, protagonizados pelas cantoras, que vivem um momento de desapego no relacionamento. O audiovisual tem dire\u00e7\u00e3o de v\u00eddeo da Calango Filmes, dire\u00e7\u00e3o musical de Ivan Miyazato e roteiro de Gustavo Marques.<\/p>\n\n\n\n<figure class=\"wp-block-embed aligncenter is-type-video is-provider-youtube wp-block-embed-youtube wp-embed-aspect-16-9 wp-has-aspect-ratio\"><div class=\"wp-block-embed__wrapper\">\n<iframe loading=\"lazy\" title=\"Maiara e Maraisa - Vou f\u00e1cil part. Japinha Conde\" width=\"880\" height=\"495\" src=\"https:\/\/www.youtube.com\/embed\/7GfytEUzYO0?feature=oembed\" frameborder=\"0\" allow=\"accelerometer; autoplay; clipboard-write; encrypted-media; gyroscope; picture-in-picture\" allowfullscreen><\/iframe>\n<\/div><\/figure>\n\n\n\n<h2 class=\"wp-block-heading\"><strong>Kaf\u00e9<\/strong><\/h2>\n\n\n\n<p>Um dos maiores nomes da nova gera\u00e7\u00e3o da m\u00fasica pop nacional, o cantor baiano <strong>Kaf\u00e9 <\/strong>apresenta nesta sexta-feira (05) seu novo single &#8220;<strong>Longe<\/strong>&#8220;. A faixa in\u00e9dita apresenta uma est\u00e9tica pop bastante moderna e, em termos de sonoridade, &#8220;Longe&#8221; pode ser considerada uma m\u00fasica bastante vers\u00e1til. Nela ficam n\u00edtidas influ\u00eancias do rap e do R&amp;B, caracterizadas pelos beats marcados e melodia envolvente. Al\u00e9m disso, o uso de sintetizadores confere \u00e0 can\u00e7\u00e3o tamb\u00e9m uma atmosfera bastante prop\u00edcia \u00e0s pistas de dan\u00e7a, aproximando-a do g\u00eanero EDM. Bastante caracter\u00edstica dos trabalhos do artista, a tem\u00e1tica rom\u00e2ntica reflexiva, por sua vez, segue presente na letra.<\/p>\n\n\n\n<figure class=\"wp-block-embed aligncenter is-type-video is-provider-youtube wp-block-embed-youtube wp-embed-aspect-4-3 wp-has-aspect-ratio\"><div class=\"wp-block-embed__wrapper\">\n<iframe loading=\"lazy\" title=\"Longe\" width=\"880\" height=\"660\" src=\"https:\/\/www.youtube.com\/embed\/y_PabCuQe6o?feature=oembed\" frameborder=\"0\" allow=\"accelerometer; autoplay; clipboard-write; encrypted-media; gyroscope; picture-in-picture\" allowfullscreen><\/iframe>\n<\/div><\/figure>\n\n\n\n<h2 class=\"wp-block-heading\">Taby<\/h2>\n\n\n\n<p>A cantora<strong> Taby<\/strong>, que com apenas 14 anos \u00e9 um fen\u00f4meno entre o p\u00fablico infanto-juvenil, lan\u00e7a nesta sexta-feira o seu primeiro EP: <strong>&#8220;Taby \u00e9 de Outro Planeta&#8221;<\/strong>, trilha sonora da webs\u00e9rie hom\u00f4nima lan\u00e7ada ano passado, primeira estrelada pela cantora. O EP, que cont\u00e9m tr\u00eas faixas (&#8220;Jogad\u00e3o&#8221;, &#8220;Pow Pow&#8221; e &#8220;Me Esquece &#8211; Ac\u00fastico&#8221;), \u00e9 um lan\u00e7amento da <strong>Warner Music Brasil<\/strong>. As faixas ganharam clipes com coreografia e um videoclipe especial ac\u00fastico da m\u00fasica &#8220;Me Esquece&#8221;. O primeiro v\u00eddeo, &#8220;Jogad\u00e3o&#8221;, ser\u00e1 lan\u00e7ado ainda tamb\u00e9m na sexta-feira <a rel=\"noreferrer noopener\" href=\"https:\/\/www.youtube.com\/channel\/UCH0SV2CWG8nNy5JTrxSlBow\" target=\"_blank\">no canal oficial do YouTube da Taby.<\/a>&nbsp;<\/p>\n\n\n\n<p><em>&#8220;Estou muito feliz em lan\u00e7ar o meu primeiro EP!&#8221;<\/em>, conta Taby. <em>&#8220;\u00c9 muito gratificante saber que um trabalho t\u00e3o especial como a webs\u00e9rie &#8216;Taby \u00e9 de Outro Planeta&#8217; segue rendendo frutos! A trilha da s\u00e9rie \u00e9 muito especial e desde que lan\u00e7amos os epis\u00f3dios, meus f\u00e3s sempre pedem para ouvir as m\u00fasicas nas plataformas digitais e aprender as coreografias. Ent\u00e3o, atendendo a pedidos, agora todo mundo j\u00e1 pode curtir a trilha e aprender as novas coreografias junto comigo. Espero que todos gostem e tamb\u00e9m que seja uma oportunidade de novos f\u00e3s assistirem \u00e0 s\u00e9rie, que \u00e9 um trabalho lindo que me deu muito orgulho de ter feito parte!&#8221;<\/em>, finaliza.<\/p>\n\n\n\n<center><iframe loading=\"lazy\" src=\"https:\/\/open.spotify.com\/embed\/album\/4p8o0ZeSoRCFIXAY33AlH0\" width=\"600\" height=\"180\" frameborder=\"0\" allowtransparency=\"true\" allow=\"encrypted-media\"><\/iframe><\/center>\n\n\n\n<h2 class=\"wp-block-heading\">Dubdogz<\/h2>\n\n\n\n<p>Uma das principais tracks da hist\u00f3ria da m\u00fasica eletr\u00f4nica mundial, colabora\u00e7\u00e3o entre Steve Angello com Laidback Luke e vocais de Robin S., acaba de ganhar um remix exclusivo dos irm\u00e3os Marcos e Lucas do <strong>Dubdogz<\/strong>. Os DJs e produtores brasileiros tiveram a honra de serem convidados diretamente pela Mixmash, para produzir um remix no estilo de Bass \/ Slap House de <em>\u201cShow Me Love\u201d<\/em>. <em>\u201cEst\u00e1vamos no est\u00fadio quando recebemos um e-mail da Mixmash com o pedido. Olhamos um para o outro e dissemos: De jeito nenhum, deve ser outra \u2018Show Me Love\u2019, n\u00e3o \u00e9 poss\u00edvel<\/em>\u201d, conta Marcos. <em>\u201cQuando percebemos que era A VERDADEIRA, dissemos que sim e come\u00e7amos a trabalhar na nossa vers\u00e3o\u201d<\/em>, adiciona Lucas.<br><em>\u201cShow Me Love\u201d <\/em>\u00e9 uma produ\u00e7\u00e3o original de 2008 da lenda sueca Steve Angello em colabora\u00e7\u00e3o com o grande Laidback Luke e os vocais \u00e9picos de Robin S. A m\u00fasica possui mais de 69 milh\u00f5es de plays no Spotify e ficou mais de duas semanas no topo das paradas quando lan\u00e7ada, sendo at\u00e9 hoje considerada um dos hinos da Dance Music.<\/p>\n\n\n\n<figure class=\"wp-block-embed aligncenter is-type-video is-provider-youtube wp-block-embed-youtube wp-embed-aspect-16-9 wp-has-aspect-ratio\"><div class=\"wp-block-embed__wrapper\">\n<iframe loading=\"lazy\" title=\"Steve Angello &amp; Laidback Luke feat. Robin S - Show Me Love (Dubdogz Remix)\" width=\"880\" height=\"495\" src=\"https:\/\/www.youtube.com\/embed\/az4anOECZWQ?feature=oembed\" frameborder=\"0\" allow=\"accelerometer; autoplay; clipboard-write; encrypted-media; gyroscope; picture-in-picture\" allowfullscreen><\/iframe>\n<\/div><\/figure>\n\n\n\n<h2 class=\"wp-block-heading\">Maz<\/h2>\n\n\n\n<p>2021 come\u00e7a especial para <strong><a href=\"https:\/\/www.instagram.com\/mazmusic\" target=\"_blank\" aria-label=\"Maz (opens in a new tab)\" rel=\"noreferrer noopener\" class=\"rank-math-link\">Maz<\/a><\/strong>, com o segundo lan\u00e7amento de sua pr\u00f3pria gravadora, a Dawn Patrol Records. A track \u201cSmile &amp; Fly\u201d (a principal do EP, que conta com duas) tem um significado enorme para o DJ e produtor, pois \u00e9 uma homenagem a sua vira-lata Pretinha, que faleceu no final de 2019. Al\u00e9m disso, para o lan\u00e7amento da gravadora, Maz produziu um set incr\u00edvel de 3h em um dos maiores cart\u00f5es postais da Cidade Maravilhosa, no Arpoador, fazendo uma viagem sonora e passando um pouco da vis\u00e3o Dawn Patrol em termos de curadoria musical.<\/p>\n\n\n\n<p><em>\u201cSmile &amp; Fly \u00e9 uma m\u00fasica especial pra mim. Eu a produzi logo depois do falecimento da Pretinha. Adotada, chegou l\u00e1 em casa com uns 4 anos de idade. S\u00f3 queria saber de comer&nbsp; e passear. Era durona e desconfiada com os outros (protegia a gente), mas tinha o cora\u00e7\u00e3o mais d\u00f3cil desse mundo. Uns 2 anos e pouco ap\u00f3s sua chegada, ela contraiu uma doen\u00e7a super rara, um pouco desconhecida e sem tratamento, e muito infelizmente veio a falecer, 1 ano depois. Fiz a m\u00fasica em sua homenagem, que ao mesmo tempo \u00e9 intensa, e leve. Me traz uma sensa\u00e7\u00e3o de paz, mas que tamb\u00e9m marca presen\u00e7a. O nome \u201cSmile &amp; Fly\u201d se deu porque ela ria em momentos de felicidade, assim como n\u00f3s, humanos. Uma figura \u00fanica, que deixa muitas saudades, e que ser\u00e1 celebrada e eternizada com todos n\u00f3s dan\u00e7ando juntos sua m\u00fasica\u201d<\/em>, conta Maz.<\/p>\n\n\n\n<figure class=\"wp-block-embed aligncenter is-type-video is-provider-youtube wp-block-embed-youtube wp-embed-aspect-16-9 wp-has-aspect-ratio\"><div class=\"wp-block-embed__wrapper\">\n<iframe loading=\"lazy\" title=\"Maz - Smile &amp; Fly\" width=\"880\" height=\"495\" src=\"https:\/\/www.youtube.com\/embed\/yghZtrnprq8?feature=oembed\" frameborder=\"0\" allow=\"accelerometer; autoplay; clipboard-write; encrypted-media; gyroscope; picture-in-picture\" allowfullscreen><\/iframe>\n<\/div><\/figure>\n\n\n\n<h2 class=\"wp-block-heading\">Mais lan\u00e7amentos<\/h2>\n\n\n\n<p>A semana tem ainda novidades de Miley Cyrus em remix da parceria com Dua Lipa, Martin Garrix, Barbara Labres, Jordin Sparks, e muito mais! Confira na nossa playlist:<\/p>\n\n\n\n<center><iframe loading=\"lazy\" src=\"https:\/\/open.spotify.com\/embed\/playlist\/6wTneMDrHfgctoSDS3GqNw\" width=\"600\" height=\"380\" frameborder=\"0\" allowtransparency=\"true\" allow=\"encrypted-media\"><\/iframe><\/center>\n","protected":false},"excerpt":{"rendered":"<p>Mais uma sexta-feira de lan\u00e7amentos, a primeira de fevereiro! Hoje (04) o destaque fica por conta de Cardi B! A rapper lan\u00e7a seu novo single &#8220;Up&#8221;, o primeiro como artista principal desde o hit global &#8220;WAP&#8221; (2020). Al\u00e9m de Cardi, a semana traz ainda novidades de Hayley Williams, Demi Lovato, Taby, al\u00e9m das parcerias G-Eazy [&hellip;]<\/p>\n","protected":false},"author":1,"featured_media":76188,"comment_status":"closed","ping_status":"open","sticky":false,"template":"","format":"standard","meta":{"footnotes":""},"categories":[2164,154],"tags":[2163,214,1004,8198,8179,1530,1360,164,247],"class_list":["post-76187","post","type-post","status-publish","format-standard","has-post-thumbnail","hentry","category-lancamentos","category-musica","tag-capa","tag-cardi-b","tag-gusttavo-lima","tag-kafe","tag-lais-bianchessi","tag-marina","tag-mc-zaac","tag-pabllo-vittar","tag-sia"],"_links":{"self":[{"href":"https:\/\/portalpopmais.com.br\/en\/wp-json\/wp\/v2\/posts\/76187","targetHints":{"allow":["GET"]}}],"collection":[{"href":"https:\/\/portalpopmais.com.br\/en\/wp-json\/wp\/v2\/posts"}],"about":[{"href":"https:\/\/portalpopmais.com.br\/en\/wp-json\/wp\/v2\/types\/post"}],"author":[{"embeddable":true,"href":"https:\/\/portalpopmais.com.br\/en\/wp-json\/wp\/v2\/users\/1"}],"replies":[{"embeddable":true,"href":"https:\/\/portalpopmais.com.br\/en\/wp-json\/wp\/v2\/comments?post=76187"}],"version-history":[{"count":0,"href":"https:\/\/portalpopmais.com.br\/en\/wp-json\/wp\/v2\/posts\/76187\/revisions"}],"wp:featuredmedia":[{"embeddable":true,"href":"https:\/\/portalpopmais.com.br\/en\/wp-json\/wp\/v2\/media\/76188"}],"wp:attachment":[{"href":"https:\/\/portalpopmais.com.br\/en\/wp-json\/wp\/v2\/media?parent=76187"}],"wp:term":[{"taxonomy":"category","embeddable":true,"href":"https:\/\/portalpopmais.com.br\/en\/wp-json\/wp\/v2\/categories?post=76187"},{"taxonomy":"post_tag","embeddable":true,"href":"https:\/\/portalpopmais.com.br\/en\/wp-json\/wp\/v2\/tags?post=76187"}],"curies":[{"name":"wp","href":"https:\/\/api.w.org\/{rel}","templated":true}]}}