{"id":76589,"date":"2021-02-11T18:06:04","date_gmt":"2021-02-11T21:06:04","guid":{"rendered":"https:\/\/portalpopmais.com.br\/?p=76589"},"modified":"2021-02-11T18:06:07","modified_gmt":"2021-02-11T21:06:07","slug":"agnes-nunes-documentario-sua-vida","status":"publish","type":"post","link":"https:\/\/portalpopmais.com.br\/en\/agnes-nunes-documentario-sua-vida\/","title":{"rendered":"Agnes Nunes vai ganhar document\u00e1rio sobre a sua vida"},"content":{"rendered":"<p>Parece que 2021 ser\u00e1 o ano de <strong><a href=\"https:\/\/portalpopmais.com.br\/en\/agnes-nunes-novo-album\/\" target=\"_blank\" aria-label=\"Agnes Nunes (opens in a new tab)\" rel=\"noreferrer noopener\" class=\"rank-math-link\">Agnes Nunes<\/a><\/strong>. Enquanto a cantora est\u00e1 isolada, na Bahia, preparando o primeiro \u00e1lbum da sua carreira, um document\u00e1rio est\u00e1 sendo produzido para contar a trajet\u00f3ria da artista.<\/p>\n\n\n\n<p>O projeto \u00e9 assinado pela sua gravadora, Bagua Records, que j\u00e1 est\u00e1 em negocia\u00e7\u00e3o com algumas plataformas de streaming para a veicula\u00e7\u00e3o do filme. <\/p>\n\n\n\n<p>Com apenas 18 anos, a <a href=\"https:\/\/www.instagram.com\/agnesnunes\/\" target=\"_blank\" aria-label=\"Agnes Nunes (opens in a new tab)\" rel=\"noreferrer noopener\" class=\"rank-math-link\">Agnes Nunes<\/a> nasceu em Feira de Santana, na Bahia, e acumula 2,6 milh\u00f5es de seguidores no Instagram e mais de 200 milh\u00f5es de streamings nas plataformas de m\u00fasica.<\/p>","protected":false},"excerpt":{"rendered":"<p>Parece que 2021 ser\u00e1 o ano de Agnes Nunes. Enquanto a cantora est\u00e1 isolada, na Bahia, preparando o primeiro \u00e1lbum da sua carreira, um document\u00e1rio est\u00e1 sendo produzido para contar a trajet\u00f3ria da artista. O projeto \u00e9 assinado pela sua gravadora, Bagua Records, que j\u00e1 est\u00e1 em negocia\u00e7\u00e3o com algumas plataformas de streaming para a [&hellip;]<\/p>\n","protected":false},"author":1,"featured_media":76590,"comment_status":"closed","ping_status":"open","sticky":false,"template":"","format":"standard","meta":{"footnotes":""},"categories":[154],"tags":[7266],"class_list":["post-76589","post","type-post","status-publish","format-standard","has-post-thumbnail","hentry","category-musica","tag-agnes-nunes"],"_links":{"self":[{"href":"https:\/\/portalpopmais.com.br\/en\/wp-json\/wp\/v2\/posts\/76589","targetHints":{"allow":["GET"]}}],"collection":[{"href":"https:\/\/portalpopmais.com.br\/en\/wp-json\/wp\/v2\/posts"}],"about":[{"href":"https:\/\/portalpopmais.com.br\/en\/wp-json\/wp\/v2\/types\/post"}],"author":[{"embeddable":true,"href":"https:\/\/portalpopmais.com.br\/en\/wp-json\/wp\/v2\/users\/1"}],"replies":[{"embeddable":true,"href":"https:\/\/portalpopmais.com.br\/en\/wp-json\/wp\/v2\/comments?post=76589"}],"version-history":[{"count":0,"href":"https:\/\/portalpopmais.com.br\/en\/wp-json\/wp\/v2\/posts\/76589\/revisions"}],"wp:featuredmedia":[{"embeddable":true,"href":"https:\/\/portalpopmais.com.br\/en\/wp-json\/wp\/v2\/media\/76590"}],"wp:attachment":[{"href":"https:\/\/portalpopmais.com.br\/en\/wp-json\/wp\/v2\/media?parent=76589"}],"wp:term":[{"taxonomy":"category","embeddable":true,"href":"https:\/\/portalpopmais.com.br\/en\/wp-json\/wp\/v2\/categories?post=76589"},{"taxonomy":"post_tag","embeddable":true,"href":"https:\/\/portalpopmais.com.br\/en\/wp-json\/wp\/v2\/tags?post=76589"}],"curies":[{"name":"wp","href":"https:\/\/api.w.org\/{rel}","templated":true}]}}