{"id":77524,"date":"2021-02-26T11:33:55","date_gmt":"2021-02-26T14:33:55","guid":{"rendered":"https:\/\/portalpopmais.com.br\/?p=77524"},"modified":"2021-02-26T11:33:58","modified_gmt":"2021-02-26T14:33:58","slug":"marc-fernandes-singe-perto-do-mar","status":"publish","type":"post","link":"https:\/\/portalpopmais.com.br\/en\/marc-fernandes-singe-perto-do-mar\/","title":{"rendered":"Ap\u00f3s vencer depress\u00e3o, Marc Fernandes lan\u00e7a single e clipe com compositor de Sandy &#038; Junior"},"content":{"rendered":"<p class=\"wp-block-paragraph\">O ano de 2021 come\u00e7ou de uma maneira diferente para o cantor e compositor <strong><a aria-label=\"Marc Fernandes (opens in a new tab)\" href=\"https:\/\/www.instagram.com\/marcfernandesmusic\/\" target=\"_blank\" rel=\"noreferrer noopener\" class=\"rank-math-link\">Marc Fernandes<\/a><\/strong>. Curado pela m\u00fasica, o artista que sofreu um grave per\u00edodo de depress\u00e3o que quase custou sua vida, lan\u00e7a hoje (26) o single e clipe<em> \u201cPerto do Mar\u201d<\/em> com produ\u00e7\u00e3o de Rique Azevedo, renomado produtor musical e compositor dos hits nacionais <em>\u201cDesperdi\u00e7ou\u201d <\/em>e <em>\u201cDig-Dig-Joy\u201d<\/em> da dupla <a href=\"https:\/\/portalpopmais.com.br\/en\/sandy-junior-encerram-ciclo-de-comemoracoes-dos-30-anos-com-lancamento-de-projetos-ineditos\/\" target=\"_blank\" aria-label=\"Sandy &amp; Junior (opens in a new tab)\" rel=\"noreferrer noopener\" class=\"rank-math-link\">Sandy &amp; Junior<\/a>.<\/p>\n\n\n\n<p class=\"wp-block-paragraph\">Com a filosofia clara de cantar m\u00fasicas que vibram mensagens positivas e que brindam a vida, Marc diz que encontrou na m\u00fasica uma forma de ajudar e ser ajudado ap\u00f3s seu grave per\u00edodo de depress\u00e3o. <em>\u201cA m\u00fasica foi fundamental para minha recupera\u00e7\u00e3o! Quero fazer can\u00e7\u00f5es para ajudar as pessoas a terem momentos leves. Que possam refletir sobre como a vida \u00e9 boa e que n\u00e3o temos o controle sobre o amanh\u00e3. Passei por um momento muito complicado com a depress\u00e3o e, com a minha voz e minhas m\u00fasicas, quero tocar a alma das pessoas e faz\u00ea-las entender e valorizar cada momento da vida\u201d.<\/em><\/p>\n\n\n\n<p class=\"wp-block-paragraph\">Produzida por Rique Azevedo, um dos maiores produtores musicais do pa\u00eds, respons\u00e1vel por trabalhos de nomes como Sophia Abrah\u00e3o, Clara Valverde e compositor dos hits nacionais <em>\u201cDig-Dig-Joy\u201d<\/em> e<em> \u201cDesperdi\u00e7ou\u201d<\/em>, da dupla Sandy &amp; Junior, <em>\u201cPerto do Mar\u201d<\/em> tem influ\u00eancias pop de Jason Mraz, Magic e Melim, foi composta em parceria com o produtor e fala sobre como a natureza pode ajudar a renovar nossas energias.<em> \u201cEssa can\u00e7\u00e3o fala da import\u00e2ncia das pessoas se reconectarem com suas energias atrav\u00e9s do contato com a natureza, mais especificamente com o Mar. Ela fala do quanto isso pode te fazer bem e ajudar a focar em seu prop\u00f3sito\u201d.<\/em><\/p>\n\n\n\n<p class=\"wp-block-paragraph\">Marc Fernandes conta que a parceria com o renomado produtor foi fundamental no seu processo de recupera\u00e7\u00e3o e que direcionar sua energia para a m\u00fasica foi essencial para sua melhora. <em>\u201cPoder canalizar minhas energias na m\u00fasica, um sonho antigo que estava adormecido, mas nunca esquecido, foi fundamental na minha recupera\u00e7\u00e3o. Poder estar ao lado de um dos maiores produtores e compositores do pa\u00eds, reacendeu a chama que estava quase apagada. O Rique foi incr\u00edvel! Al\u00e9m de me ajudar a resgatar minha parte criativa e minha musicalidade, ele foi super atencioso, calmo e compreensivo durante todo o processo. Me tirou do momento sombrio para finalmente fazer a minha luz brilhar\u201d, <\/em>comemora Marc.<\/p>\n\n\n\n<figure class=\"wp-block-embed aligncenter is-type-video is-provider-youtube wp-block-embed-youtube wp-embed-aspect-16-9 wp-has-aspect-ratio\"><div class=\"wp-block-embed__wrapper\">\n<iframe loading=\"lazy\" title=\"Marc Fernandes - Perto do Mar (Clipe Oficial)\" width=\"880\" height=\"495\" src=\"https:\/\/www.youtube.com\/embed\/JPvGyi0DvRw?feature=oembed\" frameborder=\"0\" allow=\"accelerometer; autoplay; clipboard-write; encrypted-media; gyroscope; picture-in-picture\" allowfullscreen><\/iframe>\n<\/div><\/figure>\n\n\n\n<h2 class=\"wp-block-heading\">Sobre Marc Fernandes<\/h2>\n\n\n\n<p class=\"wp-block-paragraph\">Apaixonado por m\u00fasica e pela carreira art\u00edstica desde cedo, Marc Fernandes deu seus primeiros passos como artista ainda crian\u00e7a. O agora cantor e compositor, fez sua primeira apari\u00e7\u00e3o na TV aos quatro anos de idade no programa da apresentadora Ang\u00e9lica, da rede Globo, na extinta TV Manchete. \u201cAp\u00f3s assistir o filme Moonwalker do Michael Jackson, sempre que eu escutava suas m\u00fasicas eu saia dan\u00e7ando onde estivesse, e aconteceu quando fui assistir o Programa Clube da Crian\u00e7a na antiga TV Manchete, a m\u00fasica Beat IT tocou e eu \u201cinvadi\u201d o palco e sai dan\u00e7ando. A Ang\u00e9lica adorou e passou a me chamar de Marcsson Jackson. Foram 3 anos me apresentando l\u00e1, at\u00e9 ela sair para o SBT\u201d. Quando Ang\u00e9lica retornou ao Rio de Janeiro, agora na Rede Globo, minha m\u00e3e viu um an\u00fancio no Jornal de um programa de Calouros no programa Angel Mix. Fiz o teste e passei para o que se tornou o quadro Cover Mix. Cantei e dancei caracterizado como Michael Jackson as m\u00fasicas \u2018Bem\u2019 e \u2018Beat it\u2019 ao vivo. Ao terminar a apresenta\u00e7\u00e3o, Ang\u00e9lica se disse orgulhosa de ter me visto aos 4 anos e depois mais crescido aos 13\u201d revela o cantor.<\/p>\n\n\n\n<center><iframe loading=\"lazy\" src=\"https:\/\/drive.google.com\/file\/d\/14GRkT94s3VrUqMyzAHW9XS2dIdLnTl6M\/preview\" width=\"700\" height=\"580\"><\/iframe><\/center>\n\n\n\n<p class=\"wp-block-paragraph\">Natural do Rio de Janeiro, Marc Fernandes \u00e9 cantor e compositor. Atualmente o artista est\u00e1 preparando seu primeiro EP solo com cinco faixas, que tamb\u00e9m ser\u00e1 produzido por Rique Azevedo, e deve chegar aos apps de m\u00fasica ainda neste semestre.<\/p>","protected":false},"excerpt":{"rendered":"<p>O ano de 2021 come\u00e7ou de uma maneira diferente para o cantor e compositor Marc Fernandes. Curado pela m\u00fasica, o artista que sofreu um grave per\u00edodo de depress\u00e3o que quase custou sua vida, lan\u00e7a hoje (26) o single e clipe \u201cPerto do Mar\u201d com produ\u00e7\u00e3o de Rique Azevedo, renomado produtor musical e compositor dos hits [&hellip;]<\/p>\n","protected":false},"author":1,"featured_media":77525,"comment_status":"closed","ping_status":"open","sticky":false,"template":"","format":"standard","meta":{"footnotes":""},"categories":[154],"tags":[8302],"class_list":["post-77524","post","type-post","status-publish","format-standard","has-post-thumbnail","hentry","category-musica","tag-marc-fernandes"],"_links":{"self":[{"href":"https:\/\/portalpopmais.com.br\/en\/wp-json\/wp\/v2\/posts\/77524","targetHints":{"allow":["GET"]}}],"collection":[{"href":"https:\/\/portalpopmais.com.br\/en\/wp-json\/wp\/v2\/posts"}],"about":[{"href":"https:\/\/portalpopmais.com.br\/en\/wp-json\/wp\/v2\/types\/post"}],"author":[{"embeddable":true,"href":"https:\/\/portalpopmais.com.br\/en\/wp-json\/wp\/v2\/users\/1"}],"replies":[{"embeddable":true,"href":"https:\/\/portalpopmais.com.br\/en\/wp-json\/wp\/v2\/comments?post=77524"}],"version-history":[{"count":0,"href":"https:\/\/portalpopmais.com.br\/en\/wp-json\/wp\/v2\/posts\/77524\/revisions"}],"wp:featuredmedia":[{"embeddable":true,"href":"https:\/\/portalpopmais.com.br\/en\/wp-json\/wp\/v2\/media\/77525"}],"wp:attachment":[{"href":"https:\/\/portalpopmais.com.br\/en\/wp-json\/wp\/v2\/media?parent=77524"}],"wp:term":[{"taxonomy":"category","embeddable":true,"href":"https:\/\/portalpopmais.com.br\/en\/wp-json\/wp\/v2\/categories?post=77524"},{"taxonomy":"post_tag","embeddable":true,"href":"https:\/\/portalpopmais.com.br\/en\/wp-json\/wp\/v2\/tags?post=77524"}],"curies":[{"name":"wp","href":"https:\/\/api.w.org\/{rel}","templated":true}]}}