{"id":78173,"date":"2021-03-09T04:42:15","date_gmt":"2021-03-09T07:42:15","guid":{"rendered":"https:\/\/portalpopmais.com.br\/?p=78173"},"modified":"2021-03-09T04:44:58","modified_gmt":"2021-03-09T07:44:58","slug":"eduardo-costa-se-confunde-elogia-morto","status":"publish","type":"post","link":"https:\/\/portalpopmais.com.br\/en\/eduardo-costa-se-confunde-elogia-morto\/","title":{"rendered":"Eduardo Costa se confunde e elogia foto de ator morto: &#8220;Muito top, linda&#8221;"},"content":{"rendered":"<p class=\"wp-block-paragraph\"><a href=\"https:\/\/portalpopmais.com.br\/en\/eduardo-costa-diz-que-sofre-preconceito-na-hora-da-paquera-por-ser-rico-e-a-arma-que-tenho\/\" class=\"rank-math-link\"><strong>Eduardo Costa<\/strong><\/a> cometeu uma gafe ao comentar uma foto em homenagem ao ator Kleber Lopes, que morreu aos 39 anos, v\u00edtima de complica\u00e7\u00f5es da Covid-19.<\/p>\n\n\n\n<p class=\"wp-block-paragraph\">Na publica\u00e7\u00e3o feita por <a href=\"https:\/\/instagram.com\/calbertonobrega?igshid=1ege9azwnlm2u\" class=\"rank-math-link\" target=\"_blank\" rel=\"noopener\"><strong>Andr\u00e9a de N\u00f3brega<\/strong><\/a>, que durante muitos anos foi colega do ator em A <a href=\"https:\/\/instagram.com\/calbertonobrega?igshid=1ege9azwnlm2u\" class=\"rank-math-link\" target=\"_blank\" rel=\"noopener\">Pra\u00e7a<\/a> \u00e9 Nossa, Eduardo fez o seguinte coment\u00e1rio: \u201cMuito top. Linda\u201d. Veja:<\/p>\n\n\n\n<p class=\"wp-block-paragraph\"><blockquote class=\"twitter-tweet\" data-width=\"550\" data-dnt=\"true\"><p lang=\"pt\" dir=\"ltr\">mano e o eduardo costa que foi no post da andrea de n\u00f3brega e comentou isso<br><br>O POST ERA UMA HOMENAGEM PRO PARCEIRO DE ELENCO DA PRA\u00c7A E NOSSA QUE MORREU DE COVID <a href=\"https:\/\/t.co\/MjUHCviIi6\">pic.twitter.com\/MjUHCviIi6<\/a><\/p>&mdash; bbbetim papacito (@vinicius_betim) <a href=\"https:\/\/twitter.com\/vinicius_betim\/status\/1368666518779789321?ref_src=twsrc%5Etfw\" target=\"_blank\" rel=\"noopener\">March 7, 2021<\/a><\/blockquote><script async src=\"https:\/\/platform.twitter.com\/widgets.js\" charset=\"utf-8\"><\/script><\/p>\n\n\n\n<p class=\"wp-block-paragraph\">Aparentemente o sertanejo n\u00e3o leu a legenda do post e f\u00e3s tentaram avisar da gafe corrida, mas j\u00e1 era tarde demais.<\/p>\n\n\n\n<p class=\"wp-block-paragraph\">Muitos brincaram com a situa\u00e7\u00e3o: &#8220;Eduardo elogiando a foto do ator morto, ri demais&#8221;, comentou um internauta. &#8220;Bruto e burro&#8221;, disse outro. &#8220;N\u00e3o leu e se fud**&#8221;, declarou um terceiro.<\/p>","protected":false},"excerpt":{"rendered":"<p>Eduardo Costa cometeu uma gafe ao comentar uma foto em homenagem ao ator Kleber Lopes, que morreu aos 39 anos, v\u00edtima de complica\u00e7\u00f5es da Covid-19. Na publica\u00e7\u00e3o feita por Andr\u00e9a de N\u00f3brega, que durante muitos anos foi colega do ator em A Pra\u00e7a \u00e9 Nossa, Eduardo fez o seguinte coment\u00e1rio: \u201cMuito top. Linda\u201d. Veja: mano [&hellip;]<\/p>\n","protected":false},"author":3,"featured_media":78174,"comment_status":"closed","ping_status":"open","sticky":false,"template":"","format":"standard","meta":{"footnotes":""},"categories":[173],"tags":[790],"class_list":["post-78173","post","type-post","status-publish","format-standard","has-post-thumbnail","hentry","category-celebridades","tag-eduardo-costa"],"_links":{"self":[{"href":"https:\/\/portalpopmais.com.br\/en\/wp-json\/wp\/v2\/posts\/78173","targetHints":{"allow":["GET"]}}],"collection":[{"href":"https:\/\/portalpopmais.com.br\/en\/wp-json\/wp\/v2\/posts"}],"about":[{"href":"https:\/\/portalpopmais.com.br\/en\/wp-json\/wp\/v2\/types\/post"}],"author":[{"embeddable":true,"href":"https:\/\/portalpopmais.com.br\/en\/wp-json\/wp\/v2\/users\/3"}],"replies":[{"embeddable":true,"href":"https:\/\/portalpopmais.com.br\/en\/wp-json\/wp\/v2\/comments?post=78173"}],"version-history":[{"count":0,"href":"https:\/\/portalpopmais.com.br\/en\/wp-json\/wp\/v2\/posts\/78173\/revisions"}],"wp:featuredmedia":[{"embeddable":true,"href":"https:\/\/portalpopmais.com.br\/en\/wp-json\/wp\/v2\/media\/78174"}],"wp:attachment":[{"href":"https:\/\/portalpopmais.com.br\/en\/wp-json\/wp\/v2\/media?parent=78173"}],"wp:term":[{"taxonomy":"category","embeddable":true,"href":"https:\/\/portalpopmais.com.br\/en\/wp-json\/wp\/v2\/categories?post=78173"},{"taxonomy":"post_tag","embeddable":true,"href":"https:\/\/portalpopmais.com.br\/en\/wp-json\/wp\/v2\/tags?post=78173"}],"curies":[{"name":"wp","href":"https:\/\/api.w.org\/{rel}","templated":true}]}}