{"id":78178,"date":"2021-03-09T11:26:26","date_gmt":"2021-03-09T14:26:26","guid":{"rendered":"https:\/\/portalpopmais.com.br\/?p=78178"},"modified":"2021-03-09T11:26:30","modified_gmt":"2021-03-09T14:26:30","slug":"bbb21-projota-desconfia-paredao-falso","status":"publish","type":"post","link":"https:\/\/portalpopmais.com.br\/en\/bbb21-projota-desconfia-paredao-falso\/","title":{"rendered":"BBB21: Projota desconfia de pared\u00e3o falso e afirma: \u201cOuvi bastante martelada\u201d"},"content":{"rendered":"<p>Em conversa com <strong><a href=\"https:\/\/portalpopmais.com.br\/en\/sarah-gilberto-carla-diaz-se-lasque\/\" target=\"_blank\" aria-label=\" (opens in a new tab)\" rel=\"noreferrer noopener\" class=\"rank-math-link\">Carla Diaz<\/a><\/strong> e <strong>Pocah<\/strong>, o <strong><a href=\"http:\/\/instagram.com\/projota\" target=\"_blank\" aria-label=\" (opens in a new tab)\" rel=\"noreferrer noopener\" class=\"rank-math-link\">Projota<\/a><\/strong> levantou a possibilidade de o eliminado da semana n\u00e3o sair realmente da casa.<\/p>\n\n\n\n<p>Carla tamb\u00e9m opina, falando da possibilidade de um quarto s\u00f3 para a elimina\u00e7\u00e3o: <em>\u201cTipo o falso pared\u00e3o\u201d<\/em>. <em>\u201cPode. Fica um pouco \u00f3bvio, mas pode\u201d<\/em>, rebate Projota.<\/p>\n\n\n\n<p>A atriz tamb\u00e9m opinou que se n\u00e3o fosse um pared\u00e3o falso \u201cpode ser que saiam dois mesmo\u201d. E brincou com seu relacionamento com Arthur: <em>\u201cSe sa\u00edrem dois, pode ser que tire esse casal que t\u00e1 chato demais\u201d.<\/em><\/p>\n\n\n\n<p><em>\u201cPor isso que eu t\u00f4 falando que o que voc\u00ea t\u00e1 falando \u00e9 poss\u00edvel. Inclusive, eu ouvi bastante martelada\u201d,<\/em> comentou Projota.<\/p>","protected":false},"excerpt":{"rendered":"<p>Em conversa com Carla Diaz e Pocah, o Projota levantou a possibilidade de o eliminado da semana n\u00e3o sair realmente da casa. Carla tamb\u00e9m opina, falando da possibilidade de um quarto s\u00f3 para a elimina\u00e7\u00e3o: \u201cTipo o falso pared\u00e3o\u201d. \u201cPode. Fica um pouco \u00f3bvio, mas pode\u201d, rebate Projota. A atriz tamb\u00e9m opinou que se n\u00e3o [&hellip;]<\/p>\n","protected":false},"author":2,"featured_media":78179,"comment_status":"closed","ping_status":"open","sticky":false,"template":"","format":"standard","meta":{"footnotes":""},"categories":[1],"tags":[2413,7978,647],"class_list":["post-78178","post","type-post","status-publish","format-standard","has-post-thumbnail","hentry","category-fire2","tag-bbb21","tag-carla-diaz","tag-projota"],"_links":{"self":[{"href":"https:\/\/portalpopmais.com.br\/en\/wp-json\/wp\/v2\/posts\/78178","targetHints":{"allow":["GET"]}}],"collection":[{"href":"https:\/\/portalpopmais.com.br\/en\/wp-json\/wp\/v2\/posts"}],"about":[{"href":"https:\/\/portalpopmais.com.br\/en\/wp-json\/wp\/v2\/types\/post"}],"author":[{"embeddable":true,"href":"https:\/\/portalpopmais.com.br\/en\/wp-json\/wp\/v2\/users\/2"}],"replies":[{"embeddable":true,"href":"https:\/\/portalpopmais.com.br\/en\/wp-json\/wp\/v2\/comments?post=78178"}],"version-history":[{"count":0,"href":"https:\/\/portalpopmais.com.br\/en\/wp-json\/wp\/v2\/posts\/78178\/revisions"}],"wp:featuredmedia":[{"embeddable":true,"href":"https:\/\/portalpopmais.com.br\/en\/wp-json\/wp\/v2\/media\/78179"}],"wp:attachment":[{"href":"https:\/\/portalpopmais.com.br\/en\/wp-json\/wp\/v2\/media?parent=78178"}],"wp:term":[{"taxonomy":"category","embeddable":true,"href":"https:\/\/portalpopmais.com.br\/en\/wp-json\/wp\/v2\/categories?post=78178"},{"taxonomy":"post_tag","embeddable":true,"href":"https:\/\/portalpopmais.com.br\/en\/wp-json\/wp\/v2\/tags?post=78178"}],"curies":[{"name":"wp","href":"https:\/\/api.w.org\/{rel}","templated":true}]}}