{"id":78279,"date":"2021-03-10T17:22:55","date_gmt":"2021-03-10T20:22:55","guid":{"rendered":"https:\/\/portalpopmais.com.br\/?p=78279"},"modified":"2021-03-10T17:24:07","modified_gmt":"2021-03-10T20:24:07","slug":"bbb21-viih-tube-juliette-rebate-a-culpa-para-o-outro","status":"publish","type":"post","link":"https:\/\/portalpopmais.com.br\/en\/bbb21-viih-tube-juliette-rebate-a-culpa-para-o-outro\/","title":{"rendered":"BBB21: Viih Tube dispara para Juliette: &#8220;rebate a culpa para o outro e nunca para voc\u00ea&#8221;"},"content":{"rendered":"<p class=\"wp-block-paragraph\">Na tarde desta quarta-feira (10), <strong><a href=\"https:\/\/portalpopmais.com.br\/en\/bbb21-gilberto-abandona-juliette-podio-fiuk\/\" target=\"_blank\" aria-label=\" (opens in a new tab)\" rel=\"noreferrer noopener\" class=\"rank-math-link\">Juliette<\/a> <\/strong>foi confrontada por <strong>Gilberto<\/strong>, <strong>Sarah<\/strong>, <strong>Viih Tube<\/strong>, <strong>Tha\u00eds <\/strong>e <strong>Jo\u00e3o Luiz<\/strong> sobre sua defesa a<strong> Carla Diaz <\/strong>no <strong><a href=\"http:\/\/instagram.com\/bbb\" target=\"_blank\" aria-label=\" (opens in a new tab)\" rel=\"noreferrer noopener\" class=\"rank-math-link\">BBB21<\/a><\/strong>. Na vis\u00e3o do grupo, a paraibana tomou partido da atriz em sua rela\u00e7\u00e3o conturbada com Arthur.<\/p>\n\n\n\n<p class=\"wp-block-paragraph\">&#8220;<em>Voc\u00ea se meteu pela raiva e n\u00e3o pela justi\u00e7a&#8221;,<\/em> disparou Viih Tube. <em>&#8220;Voc\u00ea falou que sempre conversa com os dois lados para entender o que aconteceu. Voc\u00ea n\u00e3o sabia o que aconteceu e falou &#8216;estou do seu lado&#8217;, me doeu muito&#8221;,<\/em> diz Gilberto. Juliette se explica: <em>&#8220;Estar do lado dela seria &#8216;voc\u00ea n\u00e3o est\u00e1 sozinha'&#8221;.<\/em><\/p>\n\n\n\n<p class=\"wp-block-paragraph\"><em>&#8220;O que ele fez com voc\u00ea n\u00e3o \u00e9 o que ele fez com ela&#8221;<\/em>, continua Viih.<em> &#8220;Foi em rela\u00e7\u00e3o ao acolhimento e do acolhimento eu n\u00e3o me arrependo nem um pingo&#8221;, rebate a paraibana. E continua: Sempre que eu achar que uma pessoa precisa de acolhimento aqui eu vou dar. Se fosse assim o Lucas ia estar todo cagado, eu n\u00e3o compactuei&#8221;.<\/em><\/p>\n\n\n\n<p class=\"wp-block-paragraph\">A youtuber rebate e exp\u00f5e sua opini\u00e3o: <em>&#8220;Voc\u00ea queria por raiva dele.<\/em> <em>Comigo que sou mulher voc\u00ea falava &#8216;mas eu n\u00e3o sei o seu lado'&#8221;<\/em>. Gilberto tamb\u00e9m resolve comentar seu posicionamento, altera a voz e Juliette interrompe: <em>&#8220;Voc\u00ea est\u00e1 misturando as coisas. Se acalme, Gil&#8221;.<\/em><\/p>\n\n\n\n<p class=\"wp-block-paragraph\">&#8220;A sua rea\u00e7\u00e3o \u00e9 sempre jogar a culpa para o outro e n\u00e3o para voc\u00ea. Tipo quando a Karol te vetou e voc\u00ea falou &#8216;por que n\u00e3o deu para a Sarah?&#8221;, disse a youtuber.<\/p>\n\n\n\n<p class=\"wp-block-paragraph\"><em>&#8220;Isso me deixou muito chateada, voc\u00ea n\u00e3o pode citar o nome dos seus amigos para uma coisa ruim&#8221;,<\/em> concorda Sarah.<\/p>","protected":false},"excerpt":{"rendered":"<p>Na tarde desta quarta-feira (10), Juliette foi confrontada por Gilberto, Sarah, Viih Tube, Tha\u00eds e Jo\u00e3o Luiz sobre sua defesa a Carla Diaz no BBB21. Na vis\u00e3o do grupo, a paraibana tomou partido da atriz em sua rela\u00e7\u00e3o conturbada com Arthur. &#8220;Voc\u00ea se meteu pela raiva e n\u00e3o pela justi\u00e7a&#8221;, disparou Viih Tube. &#8220;Voc\u00ea falou [&hellip;]<\/p>\n","protected":false},"author":2,"featured_media":78280,"comment_status":"closed","ping_status":"open","sticky":false,"template":"","format":"standard","meta":{"footnotes":""},"categories":[1],"tags":[2413,8135,8168,3973],"class_list":["post-78279","post","type-post","status-publish","format-standard","has-post-thumbnail","hentry","category-fire2","tag-bbb21","tag-juliette","tag-sarah","tag-viih-tube"],"_links":{"self":[{"href":"https:\/\/portalpopmais.com.br\/en\/wp-json\/wp\/v2\/posts\/78279","targetHints":{"allow":["GET"]}}],"collection":[{"href":"https:\/\/portalpopmais.com.br\/en\/wp-json\/wp\/v2\/posts"}],"about":[{"href":"https:\/\/portalpopmais.com.br\/en\/wp-json\/wp\/v2\/types\/post"}],"author":[{"embeddable":true,"href":"https:\/\/portalpopmais.com.br\/en\/wp-json\/wp\/v2\/users\/2"}],"replies":[{"embeddable":true,"href":"https:\/\/portalpopmais.com.br\/en\/wp-json\/wp\/v2\/comments?post=78279"}],"version-history":[{"count":0,"href":"https:\/\/portalpopmais.com.br\/en\/wp-json\/wp\/v2\/posts\/78279\/revisions"}],"wp:featuredmedia":[{"embeddable":true,"href":"https:\/\/portalpopmais.com.br\/en\/wp-json\/wp\/v2\/media\/78280"}],"wp:attachment":[{"href":"https:\/\/portalpopmais.com.br\/en\/wp-json\/wp\/v2\/media?parent=78279"}],"wp:term":[{"taxonomy":"category","embeddable":true,"href":"https:\/\/portalpopmais.com.br\/en\/wp-json\/wp\/v2\/categories?post=78279"},{"taxonomy":"post_tag","embeddable":true,"href":"https:\/\/portalpopmais.com.br\/en\/wp-json\/wp\/v2\/tags?post=78279"}],"curies":[{"name":"wp","href":"https:\/\/api.w.org\/{rel}","templated":true}]}}