{"id":78901,"date":"2021-03-18T21:57:34","date_gmt":"2021-03-19T00:57:34","guid":{"rendered":"https:\/\/portalpopmais.com.br\/?p=78901"},"modified":"2021-03-18T21:57:37","modified_gmt":"2021-03-19T00:57:37","slug":"flay-acao-casos-de-familia","status":"publish","type":"post","link":"https:\/\/portalpopmais.com.br\/en\/flay-acao-casos-de-familia\/","title":{"rendered":"Flay se junta ao programa &#8216;Casos de Fam\u00edlia&#8217; em a\u00e7\u00e3o de marketing para single &#8220;Osmar&#8221;"},"content":{"rendered":"<p class=\"wp-block-paragraph\">\u00a0Em a\u00e7\u00e3o inusitada de marketing, com o intuito de divulgar seu mais novo single\u00a0<strong>\u201cOsmar\u201d<\/strong>,\u00a0<strong><a href=\"http:\/\/instagram.com\/flay\" target=\"_blank\" aria-label=\" (opens in a new tab)\" rel=\"noreferrer noopener\" class=\"rank-math-link\">Flay<\/a><\/strong>\u00a0se juntou nesta quinta-feira (18) \u00e0 grava\u00e7\u00e3o do programa mais ic\u00f4nico da televis\u00e3o brasileira, o\u00a0<strong>\u2018Casos de Fam\u00edlia\u2019<\/strong>, do SBT. <\/p>\n\n\n\n<p class=\"wp-block-paragraph\">Conhecido por resolver tretas reais, envolvendo diferentes assuntos, e conduzido pela apresentadora Christina Rocha, o programa que vai ao ar na pr\u00f3xima semana ter\u00e1 a participa\u00e7\u00e3o especial da cantora nordestina e ser\u00e1 em homenagem a hist\u00f3ria contada no clipe de \u201cOsmar\u201d, com o tema:\u00a0\u201cMeu marido n\u00e3o sabe se prefere ficar comigo ou com a baixaria\u201d.<\/p>\n\n\n\n<ul class=\"wp-block-list\"><li><strong>Leia tamb\u00e9m<\/strong> | <a href=\"https:\/\/portalpopmais.com.br\/en\/letra-osmar-flay\/\" class=\"rank-math-link\">Letra de &#8220;Osmar&#8221; &#8211; Flay<\/a><\/li><\/ul>\n\n\n\n<p class=\"wp-block-paragraph\">\u00a0Literalmente encarnando o personagem que interpretou no clipe, incluindo cabelo, maquiagem e figurino, ela surpreende os participantes se envolvendo nos enredos de casos reais, dando dicas e conselhos com seu estilo irreverente.<\/p>\n\n\n\n<p class=\"wp-block-paragraph\">Com mais de 1 milh\u00e3o de visualiza\u00e7\u00f5es, a produ\u00e7\u00e3o lan\u00e7ada na \u00faltima sexta-feira (12), estrelada por Flay e Carlinhos Maia, conquistou o p\u00fablico, e a m\u00fasica ganhou at\u00e9 coreografia no Tiktok, reproduzida por dezenas de grandes personalidades do aplicativo.<\/p>\n\n\n\n<figure class=\"wp-block-embed aligncenter is-type-video is-provider-youtube wp-block-embed-youtube wp-embed-aspect-16-9 wp-has-aspect-ratio\"><div class=\"wp-block-embed__wrapper\">\n<iframe loading=\"lazy\" title=\"Flay - Osmar (Participa\u00e7\u00e3o especial Carlinhos Maia)\" width=\"880\" height=\"495\" src=\"https:\/\/www.youtube.com\/embed\/2c9ApHOPefs?feature=oembed\" frameborder=\"0\" allow=\"accelerometer; autoplay; clipboard-write; encrypted-media; gyroscope; picture-in-picture\" allowfullscreen><\/iframe>\n<\/div><\/figure>","protected":false},"excerpt":{"rendered":"<p>\u00a0Em a\u00e7\u00e3o inusitada de marketing, com o intuito de divulgar seu mais novo single\u00a0\u201cOsmar\u201d,\u00a0Flay\u00a0se juntou nesta quinta-feira (18) \u00e0 grava\u00e7\u00e3o do programa mais ic\u00f4nico da televis\u00e3o brasileira, o\u00a0\u2018Casos de Fam\u00edlia\u2019, do SBT. Conhecido por resolver tretas reais, envolvendo diferentes assuntos, e conduzido pela apresentadora Christina Rocha, o programa que vai ao ar na pr\u00f3xima semana [&hellip;]<\/p>\n","protected":false},"author":1,"featured_media":78903,"comment_status":"closed","ping_status":"open","sticky":false,"template":"","format":"standard","meta":{"footnotes":""},"categories":[154],"tags":[2314,403],"class_list":["post-78901","post","type-post","status-publish","format-standard","has-post-thumbnail","hentry","category-musica","tag-flay","tag-sbt"],"_links":{"self":[{"href":"https:\/\/portalpopmais.com.br\/en\/wp-json\/wp\/v2\/posts\/78901","targetHints":{"allow":["GET"]}}],"collection":[{"href":"https:\/\/portalpopmais.com.br\/en\/wp-json\/wp\/v2\/posts"}],"about":[{"href":"https:\/\/portalpopmais.com.br\/en\/wp-json\/wp\/v2\/types\/post"}],"author":[{"embeddable":true,"href":"https:\/\/portalpopmais.com.br\/en\/wp-json\/wp\/v2\/users\/1"}],"replies":[{"embeddable":true,"href":"https:\/\/portalpopmais.com.br\/en\/wp-json\/wp\/v2\/comments?post=78901"}],"version-history":[{"count":0,"href":"https:\/\/portalpopmais.com.br\/en\/wp-json\/wp\/v2\/posts\/78901\/revisions"}],"wp:featuredmedia":[{"embeddable":true,"href":"https:\/\/portalpopmais.com.br\/en\/wp-json\/wp\/v2\/media\/78903"}],"wp:attachment":[{"href":"https:\/\/portalpopmais.com.br\/en\/wp-json\/wp\/v2\/media?parent=78901"}],"wp:term":[{"taxonomy":"category","embeddable":true,"href":"https:\/\/portalpopmais.com.br\/en\/wp-json\/wp\/v2\/categories?post=78901"},{"taxonomy":"post_tag","embeddable":true,"href":"https:\/\/portalpopmais.com.br\/en\/wp-json\/wp\/v2\/tags?post=78901"}],"curies":[{"name":"wp","href":"https:\/\/api.w.org\/{rel}","templated":true}]}}