{"id":79129,"date":"2021-03-22T11:05:33","date_gmt":"2021-03-22T14:05:33","guid":{"rendered":"https:\/\/portalpopmais.com.br\/?p=79129"},"modified":"2021-03-22T11:05:37","modified_gmt":"2021-03-22T14:05:37","slug":"bbb21-sarah-debocha-pandemia","status":"publish","type":"post","link":"https:\/\/portalpopmais.com.br\/en\/bbb21-sarah-debocha-pandemia\/","title":{"rendered":"BBB21: Sarah volta a debochar da pandemia e revolta web: &#8220;desumano demais&#8221;"},"content":{"rendered":"<p class=\"wp-block-paragraph\">A brasiliense <strong><a aria-label=\"Sarah Andrade (opens in a new tab)\" href=\"https:\/\/www.instagram.com\/sarah_andrade\/\" target=\"_blank\" rel=\"noreferrer noopener\" class=\"rank-math-link\">Sarah Andrade<\/a> <\/strong>voltou a fazer coment\u00e1rios em forma de deboche a respeito da pandemia de coronav\u00edrus, que j\u00e1 matou mais de 295 mil brasileiros at\u00e9 a data desta segunda-feira (22\/3).<\/p>\n\n\n\n<p class=\"wp-block-paragraph\">A <em>sister <\/em>estava no quarto cordel com Gilberto e Jo\u00e3o, quando tirou uma m\u00e1scara de prote\u00e7\u00e3o e a colocou. A consultora de marketing disse que usaria o assess\u00f3rio de prote\u00e7\u00e3o durante o programa ao vivo de ontem (21).<\/p>\n\n\n\n<p class=\"wp-block-paragraph\"><em>&#8220;Vou entrar assim hoje no ao vivo, isso t\u00e1 aqui desde o meu primeiro dia e a\u00ed eu n\u00e3o tirei <\/em>(risos) <em>Virou at\u00e9 piada pra gente, porque tem tanto tempo que a gente n\u00e3o usa (\u2026) Pensando nas v\u00edtimas do covid<\/em> (risos)&#8221;, disparou.<\/p>\n\n\n\n<p class=\"wp-block-paragraph\">No Twitter, a fala da participante do BBB21 causou revolta. <em>&#8220;A Sarah debochando do Covid e das v\u00edtimas, meu Deus que ser humano \u00e9 esse&#8221;<\/em>, disparou um internauta. <em>&#8220;\u00c9 desumano demais&#8221;,<\/em> disse outro. Veja alguns coment\u00e1rios:<\/p>\n\n\n\n<figure class=\"wp-block-embed aligncenter is-type-rich is-provider-twitter wp-block-embed-twitter\"><div class=\"wp-block-embed__wrapper\">\n<blockquote class=\"twitter-tweet\" data-width=\"550\" data-dnt=\"true\"><p lang=\"pt\" dir=\"ltr\">Sarah fazendo piada sobre as pessoas v\u00edtimas do covid. Nossa, apenas desprezo por gente assim. Espero que saia no pr\u00f3ximo pared\u00e3o que for.<\/p>&mdash; FICA JULIETTE\ud83c\udf35 (@Thataramalhoo) <a href=\"https:\/\/twitter.com\/Thataramalhoo\/status\/1373802753663897604?ref_src=twsrc%5Etfw\" target=\"_blank\" rel=\"noopener\">March 22, 2021<\/a><\/blockquote><script async src=\"https:\/\/platform.twitter.com\/widgets.js\" charset=\"utf-8\"><\/script>\n<\/div><\/figure>\n\n\n\n<figure class=\"wp-block-embed aligncenter is-type-rich is-provider-twitter wp-block-embed-twitter\"><div class=\"wp-block-embed__wrapper\">\n<blockquote class=\"twitter-tweet\" data-width=\"550\" data-dnt=\"true\"><p lang=\"pt\" dir=\"ltr\">A Sarah debochando do Covid e das v\u00edtimas, meu Deus que ser humano e esse<\/p>&mdash; Paola de Melo (@paolla_melo) <a href=\"https:\/\/twitter.com\/paolla_melo\/status\/1373805614439280641?ref_src=twsrc%5Etfw\" target=\"_blank\" rel=\"noopener\">March 22, 2021<\/a><\/blockquote><script async src=\"https:\/\/platform.twitter.com\/widgets.js\" charset=\"utf-8\"><\/script>\n<\/div><\/figure>\n\n\n\n<figure class=\"wp-block-embed aligncenter is-type-rich is-provider-twitter wp-block-embed-twitter\"><div class=\"wp-block-embed__wrapper\">\n<blockquote class=\"twitter-tweet\" data-width=\"550\" data-dnt=\"true\"><p lang=\"pt\" dir=\"ltr\">Sarah debochando das v\u00edtimas de covid, \u00e9 desumano demais.<\/p>&mdash; Caroline \u1da0\u1d49\u1d9c \ud83c\uddeb\ud83c\uddf7\ud83c\udf35 (@anacxroline_) <a href=\"https:\/\/twitter.com\/anacxroline_\/status\/1373804519331610625?ref_src=twsrc%5Etfw\" target=\"_blank\" rel=\"noopener\">March 22, 2021<\/a><\/blockquote><script async src=\"https:\/\/platform.twitter.com\/widgets.js\" charset=\"utf-8\"><\/script>\n<\/div><\/figure>\n\n\n\n<figure class=\"wp-block-embed aligncenter is-type-rich is-provider-twitter wp-block-embed-twitter\"><div class=\"wp-block-embed__wrapper\">\n<blockquote class=\"twitter-tweet\" data-width=\"550\" data-dnt=\"true\"><p lang=\"pt\" dir=\"ltr\">SARAH RESPEITA AS V\u00cdTIMAS DO COVID<\/p>&mdash; lari \ud83e\ude90 (@LaaFrancelino) <a href=\"https:\/\/twitter.com\/LaaFrancelino\/status\/1373805368342679552?ref_src=twsrc%5Etfw\" target=\"_blank\" rel=\"noopener\">March 22, 2021<\/a><\/blockquote><script async src=\"https:\/\/platform.twitter.com\/widgets.js\" charset=\"utf-8\"><\/script>\n<\/div><\/figure>\n\n\n\n<p class=\"wp-block-paragraph\">Na semana passada, durante a festa do l\u00edder, Sarah contou que furou a quarentena diversas vezes para ir a balada. Quando questionada pela produ\u00e7\u00e3o do programa na pr\u00e9-sele\u00e7\u00e3o, ela deu a entender que para ela os mortos pela pandemia n\u00e3o importavam, desde que n\u00e3o estivesse sentindo nada. <\/p>\n\n\n\n<ul class=\"wp-block-list\"><li><strong>Veja tamb\u00e9m<\/strong> | <a aria-label=\" (opens in a new tab)\" href=\"https:\/\/portalpopmais.com.br\/en\/bbb21-sarah-furou-a-quarentena\/\" target=\"_blank\" rel=\"noreferrer noopener\" class=\"rank-math-link\">BBB21: Sarah menospreza quarentena e confessa que foi a baladas durante a pandemia<\/a><\/li><\/ul>","protected":false},"excerpt":{"rendered":"<p>A brasiliense Sarah Andrade voltou a fazer coment\u00e1rios em forma de deboche a respeito da pandemia de coronav\u00edrus, que j\u00e1 matou mais de 295 mil brasileiros at\u00e9 a data desta segunda-feira (22\/3). A sister estava no quarto cordel com Gilberto e Jo\u00e3o, quando tirou uma m\u00e1scara de prote\u00e7\u00e3o e a colocou. A consultora de marketing [&hellip;]<\/p>\n","protected":false},"author":2,"featured_media":79130,"comment_status":"closed","ping_status":"open","sticky":false,"template":"","format":"standard","meta":{"footnotes":""},"categories":[1],"tags":[2413,8400,8168],"class_list":["post-79129","post","type-post","status-publish","format-standard","has-post-thumbnail","hentry","category-fire2","tag-bbb21","tag-joao","tag-sarah"],"_links":{"self":[{"href":"https:\/\/portalpopmais.com.br\/en\/wp-json\/wp\/v2\/posts\/79129","targetHints":{"allow":["GET"]}}],"collection":[{"href":"https:\/\/portalpopmais.com.br\/en\/wp-json\/wp\/v2\/posts"}],"about":[{"href":"https:\/\/portalpopmais.com.br\/en\/wp-json\/wp\/v2\/types\/post"}],"author":[{"embeddable":true,"href":"https:\/\/portalpopmais.com.br\/en\/wp-json\/wp\/v2\/users\/2"}],"replies":[{"embeddable":true,"href":"https:\/\/portalpopmais.com.br\/en\/wp-json\/wp\/v2\/comments?post=79129"}],"version-history":[{"count":0,"href":"https:\/\/portalpopmais.com.br\/en\/wp-json\/wp\/v2\/posts\/79129\/revisions"}],"wp:featuredmedia":[{"embeddable":true,"href":"https:\/\/portalpopmais.com.br\/en\/wp-json\/wp\/v2\/media\/79130"}],"wp:attachment":[{"href":"https:\/\/portalpopmais.com.br\/en\/wp-json\/wp\/v2\/media?parent=79129"}],"wp:term":[{"taxonomy":"category","embeddable":true,"href":"https:\/\/portalpopmais.com.br\/en\/wp-json\/wp\/v2\/categories?post=79129"},{"taxonomy":"post_tag","embeddable":true,"href":"https:\/\/portalpopmais.com.br\/en\/wp-json\/wp\/v2\/tags?post=79129"}],"curies":[{"name":"wp","href":"https:\/\/api.w.org\/{rel}","templated":true}]}}