{"id":79164,"date":"2021-03-22T17:40:21","date_gmt":"2021-03-22T20:40:21","guid":{"rendered":"https:\/\/portalpopmais.com.br\/?p=79164"},"modified":"2021-03-22T17:40:24","modified_gmt":"2021-03-22T20:40:24","slug":"bbb21-sarah-caio-indicar-juliette-paredao","status":"publish","type":"post","link":"https:\/\/portalpopmais.com.br\/en\/bbb21-sarah-caio-indicar-juliette-paredao\/","title":{"rendered":"BBB21: Sarah e Caio afirmam que querem Juliette no pared\u00e3o: &#8220;De desequilibrada n\u00e3o tem nada&#8221;"},"content":{"rendered":"<p class=\"wp-block-paragraph\">Clima tenso na casa do <strong><a href=\"http:\/\/instagram.com\/bbb\" target=\"_blank\" aria-label=\" (opens in a new tab)\" rel=\"noreferrer noopener\" class=\"rank-math-link\">BBB21<\/a><\/strong>. Ap\u00f3s <strong>Juliette <\/strong>descobrir que sua, at\u00e9 ent\u00e3o amiga, <strong><a href=\"https:\/\/portalpopmais.com.br\/en\/bbb21-sarah-debocha-pandemia\/\" target=\"_blank\" aria-label=\" (opens in a new tab)\" rel=\"noreferrer noopener\" class=\"rank-math-link\">Sarah<\/a> <\/strong>votou nela no pared\u00e3o do \u00faltimo domingo (21), a consultora de marketing comentou que quer a paraibana no pared\u00e3o.<\/p>\n\n\n\n<p class=\"wp-block-paragraph\">Em conversa com <strong>Caio<\/strong>, a brasiliense afirmou que Juliette entra na mente das pessoas e sugeriu manipula\u00e7\u00e3o.<\/p>\n\n\n\n<p class=\"wp-block-paragraph\"><em>&#8220;Eu queria ver a Juliette no Pared\u00e3o porque tem contradi\u00e7\u00e3o demais em tudo que ela fala. Tudo tem dois lados. Tudo que ela fala tem dois caminhos. Eu n\u00e3o consigo ver como o povo est\u00e1 vendo isso l\u00e1&#8221;<\/em>, disse Caio.<\/p>\n\n\n\n<p class=\"wp-block-paragraph\">&#8220;<em>Por isso que eu falei que queria votar nela ontem&#8221;. Ela ainda acrescentou: &#8220;E ela \u00e9 muito inteligente nas palavras. De desequilibrada n\u00e3o tem nada&#8221;<\/em>, completou Sarah.<\/p>\n\n\n\n<p class=\"wp-block-paragraph\">Caio concordou e disse: <em>&#8220;Ela entra na mente da turma. S\u00f3 que essa tentativa dela para quem est\u00e1 aqui dentro \u00e9 uma coisa, mas o p\u00fablico est\u00e1 vendo ela falar uma coisa aqui e outra coisa ali&#8221;.<\/em><\/p>\n\n\n\n<p class=\"wp-block-paragraph\">Sarah ainda questionou Caio sobre se Gilberto havia conversado com ele sobre o desejo de indicar Juliette e n\u00e3o Rodolffo. <em>&#8220;Ele queria indicar ela, mas ele n\u00e3o teve coragem. Eu n\u00e3o acho que \u00e9 um carinho maior por ela n\u00e3o, acho que \u00e9 press\u00e3o mesmo. N\u00e3o dela, mas porque ele j\u00e1 teve em um momento uma amizade um pouco maior. Neste momento n\u00e3o \u00e9. Ele se sentiu na press\u00e3o de estar julgando ela errado&#8221;.<\/em><\/p>\n\n\n\n<p class=\"wp-block-paragraph\">Caio perguntou: &#8220;Entre julgar ela errado e me julgar por uma coisa que nunca fiz?&#8221;. Sarah respondeu: &#8220;Ela semana passada falou que ele era a primeira op\u00e7\u00e3o de voto dela e voc\u00ea nunca pensou em votar nele&#8221;.<\/p>","protected":false},"excerpt":{"rendered":"<p>Clima tenso na casa do BBB21. Ap\u00f3s Juliette descobrir que sua, at\u00e9 ent\u00e3o amiga, Sarah votou nela no pared\u00e3o do \u00faltimo domingo (21), a consultora de marketing comentou que quer a paraibana no pared\u00e3o. Em conversa com Caio, a brasiliense afirmou que Juliette entra na mente das pessoas e sugeriu manipula\u00e7\u00e3o. &#8220;Eu queria ver a [&hellip;]<\/p>\n","protected":false},"author":2,"featured_media":79165,"comment_status":"closed","ping_status":"open","sticky":false,"template":"","format":"standard","meta":{"footnotes":""},"categories":[1],"tags":[2413,4051,8135,8168],"class_list":["post-79164","post","type-post","status-publish","format-standard","has-post-thumbnail","hentry","category-fire2","tag-bbb21","tag-caio","tag-juliette","tag-sarah"],"_links":{"self":[{"href":"https:\/\/portalpopmais.com.br\/en\/wp-json\/wp\/v2\/posts\/79164","targetHints":{"allow":["GET"]}}],"collection":[{"href":"https:\/\/portalpopmais.com.br\/en\/wp-json\/wp\/v2\/posts"}],"about":[{"href":"https:\/\/portalpopmais.com.br\/en\/wp-json\/wp\/v2\/types\/post"}],"author":[{"embeddable":true,"href":"https:\/\/portalpopmais.com.br\/en\/wp-json\/wp\/v2\/users\/2"}],"replies":[{"embeddable":true,"href":"https:\/\/portalpopmais.com.br\/en\/wp-json\/wp\/v2\/comments?post=79164"}],"version-history":[{"count":0,"href":"https:\/\/portalpopmais.com.br\/en\/wp-json\/wp\/v2\/posts\/79164\/revisions"}],"wp:featuredmedia":[{"embeddable":true,"href":"https:\/\/portalpopmais.com.br\/en\/wp-json\/wp\/v2\/media\/79165"}],"wp:attachment":[{"href":"https:\/\/portalpopmais.com.br\/en\/wp-json\/wp\/v2\/media?parent=79164"}],"wp:term":[{"taxonomy":"category","embeddable":true,"href":"https:\/\/portalpopmais.com.br\/en\/wp-json\/wp\/v2\/categories?post=79164"},{"taxonomy":"post_tag","embeddable":true,"href":"https:\/\/portalpopmais.com.br\/en\/wp-json\/wp\/v2\/tags?post=79164"}],"curies":[{"name":"wp","href":"https:\/\/api.w.org\/{rel}","templated":true}]}}