{"id":79530,"date":"2021-03-27T09:29:00","date_gmt":"2021-03-27T12:29:00","guid":{"rendered":"https:\/\/portalpopmais.com.br\/?p=79530"},"modified":"2021-03-27T09:29:04","modified_gmt":"2021-03-27T12:29:04","slug":"bbb21-juliette-decepcao-amizade-gil","status":"publish","type":"post","link":"https:\/\/portalpopmais.com.br\/en\/bbb21-juliette-decepcao-amizade-gil\/","title":{"rendered":"BBB21: Juliette desabafa com Jo\u00e3o Luiz sobre amizade com Gilberto: \u201cMe decepcionei\u201d"},"content":{"rendered":"\n<p class=\"wp-block-paragraph\">Em conversa com Jo\u00e3o Luiz, <strong><a href=\"https:\/\/portalpopmais.com.br\/juliette-16-milhoes-seguidores\/\" class=\"rank-math-link\">Juliette<\/a><\/strong> desabafou sobre sua amizade com Gilberto, e contou estar desapontada com as atitudes do pernambucano no <strong><a href=\"http:\/\/instagram.com\/bbb\" target=\"_blank\" aria-label=\" (opens in a new tab)\" rel=\"noreferrer noopener\" class=\"rank-math-link\">BBB21<\/a><\/strong>.<\/p>\n\n\n\n<p class=\"wp-block-paragraph\"><em>\u201cEu perguntei para ele: \u2018Tu me vetaria?\u2019. Ele fez: \u2018N\u00e3o, primeiro era o Rodolffo\u2019. A\u00ed eu disse: \u2018E se fosse dois?\u2019. Ele<\/em> [disse]: <em>\u2018Talvez\u2019. Eu me decepcionei\u201d<\/em>, disse a mo\u00e7a se referindo ao veto da Prova do L\u00edder.<\/p>\n\n\n\n<p class=\"has-text-align-center wp-block-paragraph\"><a href=\"https:\/\/portalpopmais.com.br\/juliette-16-milhoes-seguidores\/\" target=\"_blank\" aria-label=\"+BBB21: Juliette chega a 16 milh\u00f5es de seguidores no Instagram (opens in a new tab)\" rel=\"noreferrer noopener\" class=\"rank-math-link\"><strong>+BBB21: Juliette chega a 16 milh\u00f5es de seguidores no Instagram<\/strong><\/a><\/p>\n\n\n\n<p class=\"wp-block-paragraph\">O professor de geografia, ent\u00e3o, comentou que a sister poderia ter se iludido com Gilberto. <em>\u201cEu tenho o h\u00e1bito de confiar que a rela\u00e7\u00e3o \u00e9 maior que o jogo\u201d<\/em>, respondeu ela. Jo\u00e3o pontuou que no BBB n\u00e3o \u00e9 lugar para achar que est\u00e1 livre de trai\u00e7\u00f5es, mas Juliette responde que n\u00e3o consegue mudar.<\/p>\n","protected":false},"excerpt":{"rendered":"<p>Em conversa com Jo\u00e3o Luiz, Juliette desabafou sobre sua amizade com Gilberto, e contou estar desapontada com as atitudes do pernambucano no BBB21. \u201cEu perguntei para ele: \u2018Tu me vetaria?\u2019. Ele fez: \u2018N\u00e3o, primeiro era o Rodolffo\u2019. A\u00ed eu disse: \u2018E se fosse dois?\u2019. Ele [disse]: \u2018Talvez\u2019. Eu me decepcionei\u201d, disse a mo\u00e7a se referindo [&hellip;]<\/p>\n","protected":false},"author":2,"featured_media":79531,"comment_status":"closed","ping_status":"open","sticky":false,"template":"","format":"standard","meta":{"footnotes":""},"categories":[1],"tags":[2413,8134,8174,8135],"class_list":["post-79530","post","type-post","status-publish","format-standard","has-post-thumbnail","hentry","category-fire2","tag-bbb21","tag-gilberto","tag-joao-luiz","tag-juliette"],"_links":{"self":[{"href":"https:\/\/portalpopmais.com.br\/en\/wp-json\/wp\/v2\/posts\/79530","targetHints":{"allow":["GET"]}}],"collection":[{"href":"https:\/\/portalpopmais.com.br\/en\/wp-json\/wp\/v2\/posts"}],"about":[{"href":"https:\/\/portalpopmais.com.br\/en\/wp-json\/wp\/v2\/types\/post"}],"author":[{"embeddable":true,"href":"https:\/\/portalpopmais.com.br\/en\/wp-json\/wp\/v2\/users\/2"}],"replies":[{"embeddable":true,"href":"https:\/\/portalpopmais.com.br\/en\/wp-json\/wp\/v2\/comments?post=79530"}],"version-history":[{"count":0,"href":"https:\/\/portalpopmais.com.br\/en\/wp-json\/wp\/v2\/posts\/79530\/revisions"}],"wp:featuredmedia":[{"embeddable":true,"href":"https:\/\/portalpopmais.com.br\/en\/wp-json\/wp\/v2\/media\/79531"}],"wp:attachment":[{"href":"https:\/\/portalpopmais.com.br\/en\/wp-json\/wp\/v2\/media?parent=79530"}],"wp:term":[{"taxonomy":"category","embeddable":true,"href":"https:\/\/portalpopmais.com.br\/en\/wp-json\/wp\/v2\/categories?post=79530"},{"taxonomy":"post_tag","embeddable":true,"href":"https:\/\/portalpopmais.com.br\/en\/wp-json\/wp\/v2\/tags?post=79530"}],"curies":[{"name":"wp","href":"https:\/\/api.w.org\/{rel}","templated":true}]}}