{"id":79712,"date":"2021-03-29T22:41:16","date_gmt":"2021-03-30T01:41:16","guid":{"rendered":"https:\/\/portalpopmais.com.br\/?p=79712"},"modified":"2021-03-29T22:41:18","modified_gmt":"2021-03-30T01:41:18","slug":"deuses-americanos-cancelada","status":"publish","type":"post","link":"https:\/\/portalpopmais.com.br\/en\/deuses-americanos-cancelada\/","title":{"rendered":"Ap\u00f3s tr\u00eas temporadas \u201cDeuses Americanos\u201d \u00e9 oficialmente cancelada"},"content":{"rendered":"<p>O <a href=\"https:\/\/portalpopmais.com.br\/en\/starzplay-anuncia-estreia-internacional-e-trailer-para-a-parte-dois-da-serie-original-the-spanish-princess\/\" target=\"_blank\" aria-label=\"Starz\u00a0 (opens in a new tab)\" rel=\"noreferrer noopener\" class=\"rank-math-link\">Starz\u00a0<\/a>anunciou nesta segunda-feira (29) que a s\u00e9rie \u2018Deuses Americanos\u2018 foi oficialmente cancelada ap\u00f3s tr\u00eas temporadas. A s\u00e9rie sofreu com muitos problemas na produ\u00e7\u00e3o desde o come\u00e7o, quando ainda tinha\u00a0Bryan Fuller\u00a0e\u00a0Michael Green\u00a0como produtores principais.<\/p>\n\n\n\n<p>\u200e\u201dTodos no Starz s\u00e3o gratos ao elenco e equipe t\u00e3o dedicados de \u2018Deuses Americanos\u2019, al\u00e9m dos nossos parceiros da Fremantle, que trouxeram \u00e0 vida a hist\u00f3ria sempre relevante do autor e produtor executivo Neil Gaiman, com destaque ao clima cultural do nosso pa\u00eds.\u201d Declarou um porta-voz do canal.<\/p>\n\n\n\n<p>De acordo com relat\u00f3rio do Deadline, no entanto, existe a possibilidade de um longa-metragem para a <a href=\"http:\/\/globo.com.br\" class=\"rank-math-link\" target=\"_blank\" rel=\"noopener\">TV<\/a> ser produzido, na inten\u00e7\u00e3o de concluir a hist\u00f3ria. Vale lembrar que a terceira temporada acabou com um gancho importante, onde Shadow Moon \u00e9 supostamente consumido pela Yggdrasil.<\/p>\n\n\n\n<p>Mas, o site tamb\u00e9m alerta que, considerando a queda de audi\u00eancia nos \u00faltimos tempos, \u00e9 melhor n\u00e3o alimentar muitas esperan\u00e7as.<\/p>\n\n\n\n<p>A terceira temporada de&nbsp;Deuses Americanos&nbsp;teve&nbsp;Charles \u201cChic\u201d Eglee&nbsp;(The Walking Dead, Dexter) como produtor principal, ap\u00f3s v\u00e1rias mudan\u00e7as nos bastidores durante a primeira e a segunda temporadas do programa.<\/p>","protected":false},"excerpt":{"rendered":"<p>O Starz\u00a0anunciou nesta segunda-feira (29) que a s\u00e9rie \u2018Deuses Americanos\u2018 foi oficialmente cancelada ap\u00f3s tr\u00eas temporadas. A s\u00e9rie sofreu com muitos problemas na produ\u00e7\u00e3o desde o come\u00e7o, quando ainda tinha\u00a0Bryan Fuller\u00a0e\u00a0Michael Green\u00a0como produtores principais. \u200e\u201dTodos no Starz s\u00e3o gratos ao elenco e equipe t\u00e3o dedicados de \u2018Deuses Americanos\u2019, al\u00e9m dos nossos parceiros da Fremantle, que [&hellip;]<\/p>\n","protected":false},"author":1,"featured_media":79713,"comment_status":"closed","ping_status":"open","sticky":false,"template":"","format":"standard","meta":{"footnotes":""},"categories":[1],"tags":[8428],"class_list":["post-79712","post","type-post","status-publish","format-standard","has-post-thumbnail","hentry","category-fire2","tag-deuses-americanos"],"_links":{"self":[{"href":"https:\/\/portalpopmais.com.br\/en\/wp-json\/wp\/v2\/posts\/79712","targetHints":{"allow":["GET"]}}],"collection":[{"href":"https:\/\/portalpopmais.com.br\/en\/wp-json\/wp\/v2\/posts"}],"about":[{"href":"https:\/\/portalpopmais.com.br\/en\/wp-json\/wp\/v2\/types\/post"}],"author":[{"embeddable":true,"href":"https:\/\/portalpopmais.com.br\/en\/wp-json\/wp\/v2\/users\/1"}],"replies":[{"embeddable":true,"href":"https:\/\/portalpopmais.com.br\/en\/wp-json\/wp\/v2\/comments?post=79712"}],"version-history":[{"count":0,"href":"https:\/\/portalpopmais.com.br\/en\/wp-json\/wp\/v2\/posts\/79712\/revisions"}],"wp:featuredmedia":[{"embeddable":true,"href":"https:\/\/portalpopmais.com.br\/en\/wp-json\/wp\/v2\/media\/79713"}],"wp:attachment":[{"href":"https:\/\/portalpopmais.com.br\/en\/wp-json\/wp\/v2\/media?parent=79712"}],"wp:term":[{"taxonomy":"category","embeddable":true,"href":"https:\/\/portalpopmais.com.br\/en\/wp-json\/wp\/v2\/categories?post=79712"},{"taxonomy":"post_tag","embeddable":true,"href":"https:\/\/portalpopmais.com.br\/en\/wp-json\/wp\/v2\/tags?post=79712"}],"curies":[{"name":"wp","href":"https:\/\/api.w.org\/{rel}","templated":true}]}}