{"id":79766,"date":"2021-03-30T14:21:11","date_gmt":"2021-03-30T17:21:11","guid":{"rendered":"https:\/\/portalpopmais.com.br\/?p=79766"},"modified":"2021-03-30T14:32:03","modified_gmt":"2021-03-30T17:32:03","slug":"negra-li-gravando-novo-album","status":"publish","type":"post","link":"https:\/\/portalpopmais.com.br\/en\/negra-li-gravando-novo-album\/","title":{"rendered":"Negra Li entra em est\u00fadio para gravar seu pr\u00f3ximo \u00e1lbum"},"content":{"rendered":"<p class=\"wp-block-paragraph\">Ela est\u00e1 de volta! <a href=\"https:\/\/www.instagram.com\/negrali\/\" target=\"_blank\" aria-label=\"Negra Li (opens in a new tab)\" rel=\"noreferrer noopener\" class=\"rank-math-link\"><strong>Negra Li<\/strong><\/a> prepara o lan\u00e7amento do seu novo \u00e1lbum de est\u00fadio, que deve ser liberado no segundo semestre.<\/p>\n\n\n\n<p class=\"wp-block-paragraph\">A artista esteve em est\u00fadio essa semana para iniciar as grava\u00e7\u00f5es do projeto e compartilhou fotos dos bastidores. <\/p>\n\n\n\n<p class=\"wp-block-paragraph\">Sobre o disco, a cantora comenta: <em>&#8220;Podemos esperar um projeto cheio de m\u00fasicas in\u00e9ditas que s\u00e3o muito significativas pro momento atual da minha vida, \u00e9 uma forma de mostrar para meus f\u00e3s um pouco da minha intimidade.&#8221; <\/em><\/p>\n\n\n\n<div class=\"wp-block-image\"><figure class=\"aligncenter size-full is-resized\"><img loading=\"lazy\" decoding=\"async\" src=\"https:\/\/portalpopmais.com.br\/wp-content\/uploads\/2021\/03\/IMG_8508_jpg-scaled.jpg\" alt=\"Negra Li em est\u00fadio - Foto: Divulga\u00e7\u00e3o\" class=\"wp-image-79768\" width=\"587\" height=\"640\" title=\"\"><figcaption>Foto: Divulga\u00e7\u00e3o<\/figcaption><\/figure><\/div>\n\n\n\n<p class=\"wp-block-paragraph\">O \u00faltimo \u00e1lbum de est\u00fadio de Li foi o <em>&#8220;Ra\u00edzes&#8221;<\/em>, de 2018, com 11 faixas, entre elas o sucesso <em>&#8220;Eclipse Lunar&#8221;<\/em>, parceria com <strong>Seu Jorge<\/strong>.<\/p>\n\n\n\n<figure class=\"wp-block-embed aligncenter is-type-video is-provider-youtube wp-block-embed-youtube wp-embed-aspect-16-9 wp-has-aspect-ratio\"><div class=\"wp-block-embed__wrapper\">\n<iframe loading=\"lazy\" title=\"Negra Li - Eclipse Lunar ft. Seu Jorge\" width=\"880\" height=\"495\" src=\"https:\/\/www.youtube.com\/embed\/g2hAro3TRrs?feature=oembed\" frameborder=\"0\" allow=\"accelerometer; autoplay; clipboard-write; encrypted-media; gyroscope; picture-in-picture\" allowfullscreen><\/iframe>\n<\/div><\/figure>\n\n\n\n<pre class=\"wp-block-verse has-text-align-center\">\n<strong>Veja tamb\u00e9m\n<a aria-label=\"ENTREVISTA | Negra Li fala sobre inspira\u00e7\u00f5es e ra\u00edzes na periferia (opens in a new tab)\" href=\"https:\/\/portalpopmais.com.br\/en\/entrevista-negra-li-fala-sobre-inspiracoes-e-raizes-na-periferia\/\" target=\"_blank\" rel=\"noreferrer noopener\" class=\"rank-math-link\">ENTREVISTA | Negra Li fala sobre inspira\u00e7\u00f5es e ra\u00edzes na periferia<\/a><\/strong><\/pre>","protected":false},"excerpt":{"rendered":"<p>Ela est\u00e1 de volta! Negra Li prepara o lan\u00e7amento do seu novo \u00e1lbum de est\u00fadio, que deve ser liberado no segundo semestre. A artista esteve em est\u00fadio essa semana para iniciar as grava\u00e7\u00f5es do projeto e compartilhou fotos dos bastidores. Sobre o disco, a cantora comenta: &#8220;Podemos esperar um projeto cheio de m\u00fasicas in\u00e9ditas que [&hellip;]<\/p>\n","protected":false},"author":1,"featured_media":79767,"comment_status":"closed","ping_status":"open","sticky":false,"template":"","format":"standard","meta":{"footnotes":""},"categories":[154],"tags":[1949],"class_list":["post-79766","post","type-post","status-publish","format-standard","has-post-thumbnail","hentry","category-musica","tag-negra-li"],"_links":{"self":[{"href":"https:\/\/portalpopmais.com.br\/en\/wp-json\/wp\/v2\/posts\/79766","targetHints":{"allow":["GET"]}}],"collection":[{"href":"https:\/\/portalpopmais.com.br\/en\/wp-json\/wp\/v2\/posts"}],"about":[{"href":"https:\/\/portalpopmais.com.br\/en\/wp-json\/wp\/v2\/types\/post"}],"author":[{"embeddable":true,"href":"https:\/\/portalpopmais.com.br\/en\/wp-json\/wp\/v2\/users\/1"}],"replies":[{"embeddable":true,"href":"https:\/\/portalpopmais.com.br\/en\/wp-json\/wp\/v2\/comments?post=79766"}],"version-history":[{"count":0,"href":"https:\/\/portalpopmais.com.br\/en\/wp-json\/wp\/v2\/posts\/79766\/revisions"}],"wp:featuredmedia":[{"embeddable":true,"href":"https:\/\/portalpopmais.com.br\/en\/wp-json\/wp\/v2\/media\/79767"}],"wp:attachment":[{"href":"https:\/\/portalpopmais.com.br\/en\/wp-json\/wp\/v2\/media?parent=79766"}],"wp:term":[{"taxonomy":"category","embeddable":true,"href":"https:\/\/portalpopmais.com.br\/en\/wp-json\/wp\/v2\/categories?post=79766"},{"taxonomy":"post_tag","embeddable":true,"href":"https:\/\/portalpopmais.com.br\/en\/wp-json\/wp\/v2\/tags?post=79766"}],"curies":[{"name":"wp","href":"https:\/\/api.w.org\/{rel}","templated":true}]}}