{"id":81029,"date":"2021-04-14T19:46:07","date_gmt":"2021-04-14T22:46:07","guid":{"rendered":"https:\/\/portalpopmais.com.br\/?p=81029"},"modified":"2021-04-14T19:47:43","modified_gmt":"2021-04-14T22:47:43","slug":"vai-que-cola-no-horario-do-zorra-globo","status":"publish","type":"post","link":"https:\/\/portalpopmais.com.br\/en\/vai-que-cola-no-horario-do-zorra-globo\/","title":{"rendered":"Vai que Cola ganha destaque na Globo e entra no lugar do Zorra"},"content":{"rendered":"<p class=\"wp-block-paragraph\">O programa de humor Vai que Cola, sucesso no canal a cabo Multishow, vai passar a ser exibido na <a href=\"https:\/\/www.otempo.com.br\/brasil\/rede-globo-vetou-beijo-gay-de-junior-e-zeca-na-novela-145-america-1.301164\" class=\"rank-math-link\" target=\"_blank\" rel=\"noopener\"><strong>Globo<\/strong><\/a>, nas noites de s\u00e1bado, ap\u00f3s a novela Imp\u00e9rio, no hor\u00e1rio do extinto Zorra.<\/p>\n\n\n\n<p class=\"wp-block-paragraph\">Segundo o site <a href=\"https:\/\/portalpopmais.com.br\/en\/globo-passa-perna-no-sbt-e-exibira-a-usurpadora\/\" class=\"rank-math-link\"><strong>Na Telinha<\/strong><\/a>, a emissora carioca exibir\u00e1 a s\u00e9tima temporada da s\u00e9rie a partir de 8 de maio. Havendo o sucesso na audi\u00eancia, n\u00e3o \u00e9 descartada a exibi\u00e7\u00e3o de outras temporadas do programa.<\/p>\n\n\n\n<p class=\"wp-block-paragraph\">A temporada que entrar\u00e1 no ar aborda as confus\u00f5es de Ferdinando, J\u00e9ssica, Maicon, Dona J\u00f4 e o restante do elenco em Miami, nos Estados Unidos.<\/p>\n\n\n\n<p class=\"wp-block-paragraph\">Vale lembrar que at\u00e9 o in\u00edcio do ano, a atra\u00e7\u00e3o era escondida nas madrugadas da Globo. Ao dobrar a audi\u00eancia no hor\u00e1rio, o canal escolheu dar uma maior visibilidade ao humor\u00edstico.<\/p>","protected":false},"excerpt":{"rendered":"<p>O programa de humor Vai que Cola, sucesso no canal a cabo Multishow, vai passar a ser exibido na Globo, nas noites de s\u00e1bado, ap\u00f3s a novela Imp\u00e9rio, no hor\u00e1rio do extinto Zorra. Segundo o site Na Telinha, a emissora carioca exibir\u00e1 a s\u00e9tima temporada da s\u00e9rie a partir de 8 de maio. Havendo o [&hellip;]<\/p>\n","protected":false},"author":3,"featured_media":81034,"comment_status":"closed","ping_status":"open","sticky":false,"template":"","format":"standard","meta":{"footnotes":""},"categories":[1],"tags":[180,8498],"class_list":["post-81029","post","type-post","status-publish","format-standard","has-post-thumbnail","hentry","category-fire2","tag-globo","tag-vai-que-cola"],"_links":{"self":[{"href":"https:\/\/portalpopmais.com.br\/en\/wp-json\/wp\/v2\/posts\/81029","targetHints":{"allow":["GET"]}}],"collection":[{"href":"https:\/\/portalpopmais.com.br\/en\/wp-json\/wp\/v2\/posts"}],"about":[{"href":"https:\/\/portalpopmais.com.br\/en\/wp-json\/wp\/v2\/types\/post"}],"author":[{"embeddable":true,"href":"https:\/\/portalpopmais.com.br\/en\/wp-json\/wp\/v2\/users\/3"}],"replies":[{"embeddable":true,"href":"https:\/\/portalpopmais.com.br\/en\/wp-json\/wp\/v2\/comments?post=81029"}],"version-history":[{"count":0,"href":"https:\/\/portalpopmais.com.br\/en\/wp-json\/wp\/v2\/posts\/81029\/revisions"}],"wp:featuredmedia":[{"embeddable":true,"href":"https:\/\/portalpopmais.com.br\/en\/wp-json\/wp\/v2\/media\/81034"}],"wp:attachment":[{"href":"https:\/\/portalpopmais.com.br\/en\/wp-json\/wp\/v2\/media?parent=81029"}],"wp:term":[{"taxonomy":"category","embeddable":true,"href":"https:\/\/portalpopmais.com.br\/en\/wp-json\/wp\/v2\/categories?post=81029"},{"taxonomy":"post_tag","embeddable":true,"href":"https:\/\/portalpopmais.com.br\/en\/wp-json\/wp\/v2\/tags?post=81029"}],"curies":[{"name":"wp","href":"https:\/\/api.w.org\/{rel}","templated":true}]}}