{"id":81065,"date":"2021-04-14T21:25:48","date_gmt":"2021-04-15T00:25:48","guid":{"rendered":"https:\/\/portalpopmais.com.br\/?p=81065"},"modified":"2021-04-14T21:25:51","modified_gmt":"2021-04-15T00:25:51","slug":"bbb21-pocah-conta-foi-agredida-gravidez","status":"publish","type":"post","link":"https:\/\/portalpopmais.com.br\/en\/bbb21-pocah-conta-foi-agredida-gravidez\/","title":{"rendered":"BBB21: Pocah revela que foi tra\u00edda e agredida durante gravidez: \u201cTudo o que voc\u00ea possa imaginar\u201d"},"content":{"rendered":"<p>Durante a tarde desta quarta-feira (14), <strong><a href=\"http:\/\/instagram.com\/pocah\" target=\"_blank\" aria-label=\" (opens in a new tab)\" rel=\"noreferrer noopener\" class=\"rank-math-link\">Pocah<\/a> <\/strong>contou, em conversa com <a href=\"https:\/\/portalpopmais.com.br\/en\/caio-arthur-papo-picante-flerte\/\" target=\"_blank\" aria-label=\"Caio (opens in a new tab)\" rel=\"noreferrer noopener\" class=\"rank-math-link\">Caio<\/a>, Arthur, Camilla de Lucas e Juliette, que foi tra\u00edda e agredida durante a gravidez de sua filha, Vit\u00f3ria.<\/p>\n\n\n\n<p>A conversa come\u00e7ou com Caio contando sobre o nascimento de sua filha, e Camilla comentou sobre os homens que somem quando os filhos nascem. Pocah, ent\u00e3o, desabafa: <em>\u201cTenho at\u00e9 receio de falar. Eu gr\u00e1vida, amore? Trai\u00e7\u00e3o, agress\u00e3o, tudo o que voc\u00ea possa imaginar na minha gravidez\u201d.<\/em><\/p>\n\n\n\n<p>A cantora havia falado anteriormente sobre homens que s\u00e3o aplaudidos por fazerem fun\u00e7\u00f5es normalmente atribu\u00eddas a mulheres.<em> \u201c\u00c9 o famoso pai de selfie, nunca faz porr* nenhuma. N\u00e3o gosto nem de entrar nesses detalhes. N\u00e3o ajuda financeiramente, n\u00e3o est\u00e1 presente afetivamente. \u00c9 o que mais tem\u201d,<\/em> lamentou.<\/p>\n\n\n\n<p>O pai da filha de Pocah \u00e9 o <strong>MC Roba Cena<\/strong>, que j\u00e1 se envolveu em pol\u00eamicas. Em fevereiro, o funkeiro usou as redes sociais para acusar a cantora de n\u00e3o permitir o seu encontro com a filha Vit\u00f3ria.<\/p>","protected":false},"excerpt":{"rendered":"<p>Durante a tarde desta quarta-feira (14), Pocah contou, em conversa com Caio, Arthur, Camilla de Lucas e Juliette, que foi tra\u00edda e agredida durante a gravidez de sua filha, Vit\u00f3ria. A conversa come\u00e7ou com Caio contando sobre o nascimento de sua filha, e Camilla comentou sobre os homens que somem quando os filhos nascem. Pocah, [&hellip;]<\/p>\n","protected":false},"author":2,"featured_media":81066,"comment_status":"closed","ping_status":"open","sticky":false,"template":"","format":"standard","meta":{"footnotes":""},"categories":[1],"tags":[2413,191],"class_list":["post-81065","post","type-post","status-publish","format-standard","has-post-thumbnail","hentry","category-fire2","tag-bbb21","tag-pocah"],"_links":{"self":[{"href":"https:\/\/portalpopmais.com.br\/en\/wp-json\/wp\/v2\/posts\/81065","targetHints":{"allow":["GET"]}}],"collection":[{"href":"https:\/\/portalpopmais.com.br\/en\/wp-json\/wp\/v2\/posts"}],"about":[{"href":"https:\/\/portalpopmais.com.br\/en\/wp-json\/wp\/v2\/types\/post"}],"author":[{"embeddable":true,"href":"https:\/\/portalpopmais.com.br\/en\/wp-json\/wp\/v2\/users\/2"}],"replies":[{"embeddable":true,"href":"https:\/\/portalpopmais.com.br\/en\/wp-json\/wp\/v2\/comments?post=81065"}],"version-history":[{"count":0,"href":"https:\/\/portalpopmais.com.br\/en\/wp-json\/wp\/v2\/posts\/81065\/revisions"}],"wp:featuredmedia":[{"embeddable":true,"href":"https:\/\/portalpopmais.com.br\/en\/wp-json\/wp\/v2\/media\/81066"}],"wp:attachment":[{"href":"https:\/\/portalpopmais.com.br\/en\/wp-json\/wp\/v2\/media?parent=81065"}],"wp:term":[{"taxonomy":"category","embeddable":true,"href":"https:\/\/portalpopmais.com.br\/en\/wp-json\/wp\/v2\/categories?post=81065"},{"taxonomy":"post_tag","embeddable":true,"href":"https:\/\/portalpopmais.com.br\/en\/wp-json\/wp\/v2\/tags?post=81065"}],"curies":[{"name":"wp","href":"https:\/\/api.w.org\/{rel}","templated":true}]}}