{"id":81546,"date":"2021-04-20T12:54:12","date_gmt":"2021-04-20T15:54:12","guid":{"rendered":"https:\/\/portalpopmais.com.br\/?p=81546"},"modified":"2021-04-20T12:54:55","modified_gmt":"2021-04-20T15:54:55","slug":"morre-ana-lucia-menezes","status":"publish","type":"post","link":"https:\/\/portalpopmais.com.br\/en\/morre-ana-lucia-menezes\/","title":{"rendered":"Morre Ana L\u00facia Menezes, dubladora oficial de Mait\u00ea Perroni e Jennette McCurdy, no Brasil"},"content":{"rendered":"<p class=\"wp-block-paragraph\">A dubladora <a href=\"https:\/\/portalpopmais.com.br\/en\/redetv-da-calote-em-agencia-de-noticias\/\" class=\"rank-math-link\"><strong>Ana L\u00facia Menezes<\/strong><\/a>, conhecida por in\u00fameros trabalhos no cinema e televis\u00e3o,  faleceu nesta madrugada desta ter\u00e7a-feira (20), aos 46 anos, no Rio de Janeiro. A causa da morte foi em decorr\u00eancia de um acidente vascular cerebral.<\/p>\n\n\n\n<p class=\"wp-block-paragraph\">Pelas redes sociais a filha de<a href=\"https:\/\/www.instagram.com\/p\/CN4okqon1Nz\/?utm_source=ig_web_copy_link\" class=\"rank-math-link\" target=\"_blank\" rel=\"noopener\"><strong> Ana L\u00facia<\/strong><\/a>, a tamb\u00e9m dubladora Bia Menezes, confirmou a morte da m\u00e3e: <\/p>\n\n\n\n<p class=\"wp-block-paragraph\">&#8220;Esse texto estava preparado desde sexta, eu j\u00e1 sabia. Voc\u00ea n\u00e3o voltou pra mim. Mas voltou para sua casa. seu lar. sua morada ao lado do nosso Pai. E estou grata a Deus por isso, grata a Deus por te levar para os bra\u00e7os Dele, grata a Deus por FAZER, n\u00e3o foi do nosso jeito, mas foi da maneira mais perfeita poss\u00edvel, como tudo que Ele faz&#8221;, iniciou a herdeira. <\/p>\n\n\n\n<p class=\"wp-block-paragraph\">&#8220;Voc\u00ea escreveu uma hist\u00f3ria aqui, e eu terei a obriga\u00e7\u00e3o de continu\u00e1-la porque sei que seria exatamente como voc\u00ea gostaria que eu fizesse. Voc\u00ea lutou at\u00e9 o \u00faltimo minuto, agora \u00e9 hora de descansar e usufruir do que Deus preparou para Ti. Eu te amo e sempre te amarei, at\u00e9 a eternidade.&#8221;, concluiu.<\/p>\n\n\n\n<p class=\"wp-block-paragraph\">Al\u00e9m de dar a voz para diversos personagens,  Ana L\u00facia era a voz oficial de Janette McCardy, a Sam de &#8220;<em>iCarly<\/em>,\u00a0e\u00a0Maite Perroni, Lupita de &#8220;Rebelde&#8221; e Malu em &#8220;Cuidado com o Anjo&#8221; . <\/p>","protected":false},"excerpt":{"rendered":"<p>A dubladora Ana L\u00facia Menezes, conhecida por in\u00fameros trabalhos no cinema e televis\u00e3o, faleceu nesta madrugada desta ter\u00e7a-feira (20), aos 46 anos, no Rio de Janeiro. A causa da morte foi em decorr\u00eancia de um acidente vascular cerebral. Pelas redes sociais a filha de Ana L\u00facia, a tamb\u00e9m dubladora Bia Menezes, confirmou a morte da [&hellip;]<\/p>\n","protected":false},"author":3,"featured_media":81557,"comment_status":"closed","ping_status":"open","sticky":false,"template":"","format":"standard","meta":{"footnotes":""},"categories":[1],"tags":[8522],"class_list":["post-81546","post","type-post","status-publish","format-standard","has-post-thumbnail","hentry","category-fire2","tag-ana-lucia-menezes"],"_links":{"self":[{"href":"https:\/\/portalpopmais.com.br\/en\/wp-json\/wp\/v2\/posts\/81546","targetHints":{"allow":["GET"]}}],"collection":[{"href":"https:\/\/portalpopmais.com.br\/en\/wp-json\/wp\/v2\/posts"}],"about":[{"href":"https:\/\/portalpopmais.com.br\/en\/wp-json\/wp\/v2\/types\/post"}],"author":[{"embeddable":true,"href":"https:\/\/portalpopmais.com.br\/en\/wp-json\/wp\/v2\/users\/3"}],"replies":[{"embeddable":true,"href":"https:\/\/portalpopmais.com.br\/en\/wp-json\/wp\/v2\/comments?post=81546"}],"version-history":[{"count":0,"href":"https:\/\/portalpopmais.com.br\/en\/wp-json\/wp\/v2\/posts\/81546\/revisions"}],"wp:featuredmedia":[{"embeddable":true,"href":"https:\/\/portalpopmais.com.br\/en\/wp-json\/wp\/v2\/media\/81557"}],"wp:attachment":[{"href":"https:\/\/portalpopmais.com.br\/en\/wp-json\/wp\/v2\/media?parent=81546"}],"wp:term":[{"taxonomy":"category","embeddable":true,"href":"https:\/\/portalpopmais.com.br\/en\/wp-json\/wp\/v2\/categories?post=81546"},{"taxonomy":"post_tag","embeddable":true,"href":"https:\/\/portalpopmais.com.br\/en\/wp-json\/wp\/v2\/tags?post=81546"}],"curies":[{"name":"wp","href":"https:\/\/api.w.org\/{rel}","templated":true}]}}