{"id":84087,"date":"2021-05-27T13:57:10","date_gmt":"2021-05-27T16:57:10","guid":{"rendered":"https:\/\/portalpopmais.com.br\/?p=84087"},"modified":"2021-05-27T13:57:28","modified_gmt":"2021-05-27T16:57:28","slug":"jacare-estudio-globo-rio-de-janeiro","status":"publish","type":"post","link":"https:\/\/portalpopmais.com.br\/en\/jacare-estudio-globo-rio-de-janeiro\/","title":{"rendered":"Jacar\u00e9 invade est\u00fadio da Globo durante jornal local no Rio de Janeiro"},"content":{"rendered":"<p><strong>Alexandre Kapiche<\/strong>, \u00e2ncora do <strong>RJ2<\/strong> da InterTV, afiliada da <a href=\"http:\/\/gshow.com\" target=\"_blank\" rel=\"noreferrer noopener\" class=\"rank-math-link\">Globo<\/a> no interior do Rio de Janeiro, foi surpreendido por um jacar\u00e9 gigante que entrou no est\u00fadio do telejornal local na edi\u00e7\u00e3o desta quarta-feira (26).<\/p>\n\n\n\n<p>O \u00e2ncora falava sobre a vacina\u00e7\u00e3o contra a covid-19, quando o animal foi inserido digitalmente no v\u00eddeo. Alexandre ainda interagiu com a anima\u00e7\u00e3o em tom de brincadeira: <em>\u201cQue isso, gente? Tem um jacar\u00e9 aqui invadindo o est\u00fadio do RJ2. Ser\u00e1 que \u00e9 algu\u00e9m da reda\u00e7\u00e3o que tomou vacina contra a Covid?\u201d.<\/em><\/p>\n\n\n\n<p>O apresentador usou a brincadeira para conscientizar a popula\u00e7\u00e3o a respeito da <a href=\"https:\/\/portalpopmais.com.br\/en\/marco-pigossi-culpa-bolsonaro-morte-paulo-gustavo-indignacao\/\" data-type=\"post\" data-id=\"82530\" target=\"_blank\" rel=\"noreferrer noopener\" class=\"rank-math-link\">vacina<\/a>.<em> <\/em>se referindo a tetra viral, aplicada em beb\u00eas e que previne contra v\u00e1rias doen\u00e7as. <em>\u201c\u00c9 inacredit\u00e1vel, s\u00f3 que ainda existe um movimento asqueroso no meio da pandemia que quer desacreditar a efic\u00e1cia das vacinas. A gente ouve de tudo, todas as mentiras poss\u00edveis, e geralmente, elas chegam no seu celular. Vacina salva vida, sim, e a vacina\u00e7\u00e3o contra Covid est\u00e1 salvando vidas. E \u00e9 a \u00fanica forma da gente sair desse pesadelo todo\u201d<\/em>, disse o apresentador.<\/p>","protected":false},"excerpt":{"rendered":"<p>Alexandre Kapiche, \u00e2ncora do RJ2 da InterTV, afiliada da Globo no interior do Rio de Janeiro, foi surpreendido por um jacar\u00e9 gigante que entrou no est\u00fadio do telejornal local na edi\u00e7\u00e3o desta quarta-feira (26). O \u00e2ncora falava sobre a vacina\u00e7\u00e3o contra a covid-19, quando o animal foi inserido digitalmente no v\u00eddeo. Alexandre ainda interagiu com [&hellip;]<\/p>\n","protected":false},"author":1,"featured_media":84088,"comment_status":"closed","ping_status":"open","sticky":false,"template":"","format":"standard","meta":{"footnotes":""},"categories":[1],"tags":[1665],"class_list":["post-84087","post","type-post","status-publish","format-standard","has-post-thumbnail","hentry","category-fire2","tag-tv-globo"],"_links":{"self":[{"href":"https:\/\/portalpopmais.com.br\/en\/wp-json\/wp\/v2\/posts\/84087","targetHints":{"allow":["GET"]}}],"collection":[{"href":"https:\/\/portalpopmais.com.br\/en\/wp-json\/wp\/v2\/posts"}],"about":[{"href":"https:\/\/portalpopmais.com.br\/en\/wp-json\/wp\/v2\/types\/post"}],"author":[{"embeddable":true,"href":"https:\/\/portalpopmais.com.br\/en\/wp-json\/wp\/v2\/users\/1"}],"replies":[{"embeddable":true,"href":"https:\/\/portalpopmais.com.br\/en\/wp-json\/wp\/v2\/comments?post=84087"}],"version-history":[{"count":0,"href":"https:\/\/portalpopmais.com.br\/en\/wp-json\/wp\/v2\/posts\/84087\/revisions"}],"wp:featuredmedia":[{"embeddable":true,"href":"https:\/\/portalpopmais.com.br\/en\/wp-json\/wp\/v2\/media\/84088"}],"wp:attachment":[{"href":"https:\/\/portalpopmais.com.br\/en\/wp-json\/wp\/v2\/media?parent=84087"}],"wp:term":[{"taxonomy":"category","embeddable":true,"href":"https:\/\/portalpopmais.com.br\/en\/wp-json\/wp\/v2\/categories?post=84087"},{"taxonomy":"post_tag","embeddable":true,"href":"https:\/\/portalpopmais.com.br\/en\/wp-json\/wp\/v2\/tags?post=84087"}],"curies":[{"name":"wp","href":"https:\/\/api.w.org\/{rel}","templated":true}]}}