{"id":84515,"date":"2021-06-02T13:03:50","date_gmt":"2021-06-02T16:03:50","guid":{"rendered":"https:\/\/portalpopmais.com.br\/?p=84515"},"modified":"2021-06-02T13:03:54","modified_gmt":"2021-06-02T16:03:54","slug":"juliana-paes-defende-medica-negacionista","status":"publish","type":"post","link":"https:\/\/portalpopmais.com.br\/en\/juliana-paes-defende-medica-negacionista\/","title":{"rendered":"Juliana Paes sai em defesa de m\u00e9dica negacionista na CPI da Covid e \u00e9 detonada: &#8220;bolsominion&#8221;"},"content":{"rendered":"<p>A atriz <strong><a href=\"https:\/\/twitter.com\/julianapaes\" target=\"_blank\" data-type=\"URL\" data-id=\"https:\/\/twitter.com\/julianapaes\" rel=\"noreferrer noopener\" class=\"rank-math-link\">Juliana Paes<\/a><\/strong> ficou entre os assuntos mais comentados no Twitter, na manh\u00e3 desta quarta-feira (2), ap\u00f3s ela sair em defesa da m\u00e9dica negacionista <strong>Nise Yamaguchi.<\/strong><\/p>\n\n\n\n<p>Nise foi uma das interrogadas durante a CPI da covid, e apontada como uma defensora do tratamento precoce contra a doen\u00e7a &#8211; algo que a ci\u00eancia j\u00e1 afirmou n\u00e3o existir.<\/p>\n\n\n\n<p>Segundo <a href=\"https:\/\/portalpopmais.com.br\/en\/juliana-paes-detonada-apoio-bolsonaro\/\" data-type=\"post\" data-id=\"73756\" class=\"rank-math-link\">Juliana Paes<\/a>, a m\u00e9dica foi desrespeitada, e classificou o interrogat\u00f3rio como um &#8220;show de horror de bo\u00e7alidades&#8221;.<em> &#8220;Certa ou errada\u2026 n\u00e3o importa! Intimida\u00e7\u00e3o, coa\u00e7\u00e3o\u2026 fala interrompida\u2026 mulher merece respeito em qualquer ambiente<\/em>&#8220;, disse a atriz.<\/p>\n\n\n\n<figure class=\"wp-block-embed aligncenter is-type-rich is-provider-twitter wp-block-embed-twitter\"><div class=\"wp-block-embed__wrapper\">\n<blockquote class=\"twitter-tweet\" data-width=\"550\" data-dnt=\"true\"><p lang=\"und\" dir=\"ltr\">hm&#8230; <a href=\"https:\/\/t.co\/dNzA2SYpgL\">pic.twitter.com\/dNzA2SYpgL<\/a><\/p>&mdash; Pedro Certezas (@pedrocertezas) <a href=\"https:\/\/twitter.com\/pedrocertezas\/status\/1400104198914588674?ref_src=twsrc%5Etfw\" target=\"_blank\" rel=\"noopener\">June 2, 2021<\/a><\/blockquote><script async src=\"https:\/\/platform.twitter.com\/widgets.js\" charset=\"utf-8\"><\/script>\n<\/div><\/figure>\n\n\n\n<p>Nas redes sociais, Juliana virou alvo de cr\u00edticas, ainda mais por ser apontada como apoiadora do presidente Jair Bolsonaro. Veja alguns coment\u00e1rios:<\/p>\n\n\n\n<figure class=\"wp-block-embed aligncenter is-type-rich is-provider-twitter wp-block-embed-twitter\"><div class=\"wp-block-embed__wrapper\">\n<blockquote class=\"twitter-tweet\" data-width=\"550\" data-dnt=\"true\"><p lang=\"pt\" dir=\"ltr\">Juliana Paes \u00e9 super bolsominion kkkkk, lixosa, Paola Oliveira sempre mereceu aquele pr\u00eamio no melhore dos ano, lend\u00e1ria<\/p>&mdash; Inconveniente \ud83e\udd17 (@Rafaeubarbosa) <a href=\"https:\/\/twitter.com\/Rafaeubarbosa\/status\/1400112224941838338?ref_src=twsrc%5Etfw\" target=\"_blank\" rel=\"noopener\">June 2, 2021<\/a><\/blockquote><script async src=\"https:\/\/platform.twitter.com\/widgets.js\" charset=\"utf-8\"><\/script>\n<\/div><\/figure>\n\n\n\n<figure class=\"wp-block-embed aligncenter is-type-rich is-provider-twitter wp-block-embed-twitter\"><div class=\"wp-block-embed__wrapper\">\n<blockquote class=\"twitter-tweet\" data-width=\"550\" data-dnt=\"true\"><p lang=\"pt\" dir=\"ltr\">juliana paes em 2018 <a href=\"https:\/\/t.co\/fPFuuh6ww9\">pic.twitter.com\/fPFuuh6ww9<\/a><\/p>&mdash; daniel (@daneldix) <a href=\"https:\/\/twitter.com\/daneldix\/status\/1400118312181407747?ref_src=twsrc%5Etfw\" target=\"_blank\" rel=\"noopener\">June 2, 2021<\/a><\/blockquote><script async src=\"https:\/\/platform.twitter.com\/widgets.js\" charset=\"utf-8\"><\/script>\n<\/div><\/figure>\n\n\n\n<figure class=\"wp-block-embed aligncenter is-type-rich is-provider-twitter wp-block-embed-twitter\"><div class=\"wp-block-embed__wrapper\">\n<blockquote class=\"twitter-tweet\" data-width=\"550\" data-dnt=\"true\"><p lang=\"pt\" dir=\"ltr\">E sobre o seu presidente ter chamado uma jornalista de quadr\u00fapede ontem?! E por que voc\u00ea votou em um homem que dizia que n\u00e3o estupraria uma deputada porque nem isso ela merecia?! Sua indigna\u00e7\u00e3o \u00e9 seletiva, <a href=\"https:\/\/twitter.com\/julianapaes?ref_src=twsrc%5Etfw\" target=\"_blank\" rel=\"noopener\">@julianapaes<\/a>! E pra mim isso n\u00e3o tem outro nome: falta de car\u00e1ter. <a href=\"https:\/\/t.co\/Jx0gc2c4PH\">pic.twitter.com\/Jx0gc2c4PH<\/a><\/p>&mdash; Pedro Hosken (@pedrohosken) <a href=\"https:\/\/twitter.com\/pedrohosken\/status\/1400109535625420802?ref_src=twsrc%5Etfw\" target=\"_blank\" rel=\"noopener\">June 2, 2021<\/a><\/blockquote><script async src=\"https:\/\/platform.twitter.com\/widgets.js\" charset=\"utf-8\"><\/script>\n<\/div><\/figure>\n\n\n\n<figure class=\"wp-block-embed aligncenter is-type-rich is-provider-twitter wp-block-embed-twitter\"><div class=\"wp-block-embed__wrapper\">\n<blockquote class=\"twitter-tweet\" data-width=\"550\" data-dnt=\"true\"><p lang=\"pt\" dir=\"ltr\">engra\u00e7ado n\u00e3o lembro de Juliana Paes se indignar com o show de misoginia que foi o interrogat\u00f3rio da Dilma<br><br>s\u00f3 vale quando \u00e9 pra defender genocida? <a href=\"https:\/\/t.co\/Qs79EjdJfl\">https:\/\/t.co\/Qs79EjdJfl<\/a> <a href=\"https:\/\/t.co\/dBNkVbpCoN\">pic.twitter.com\/dBNkVbpCoN<\/a><\/p>&mdash; gabri (@gabrindo) <a href=\"https:\/\/twitter.com\/gabrindo\/status\/1400109490427641856?ref_src=twsrc%5Etfw\" target=\"_blank\" rel=\"noopener\">June 2, 2021<\/a><\/blockquote><script async src=\"https:\/\/platform.twitter.com\/widgets.js\" charset=\"utf-8\"><\/script>\n<\/div><\/figure>\n\n\n\n<p>Esta n\u00e3o \u00e9 a primeira vez que Juliana Paes se posiciona de forma positiva ao governo Bolsonaro. Em 2019, em entrevista ao Jornal O Globo, a atriz deu a entender que votou no atual presidente. <em>\u201cTor\u00e7o para que o pa\u00eds d\u00ea certo, independentemente de quem esteja em Bras\u00edlia. N\u00e3o bato palma para tudo que o presidente Jair Bolsonaro diz, mas vamos apoiar j\u00e1 que ele est\u00e1 l\u00e1. N\u00e3o vou boicotar. Essa polariza\u00e7\u00e3o \u00e9 boba\u201d<\/em>, declarou. Veja mais <a href=\"https:\/\/portalpopmais.com.br\/en\/juliana-paes-detonada-apoio-bolsonaro\/\" target=\"_blank\" data-type=\"URL\" data-id=\"https:\/\/portalpopmais.com.br\/juliana-paes-detonada-apoio-bolsonaro\/\" rel=\"noreferrer noopener\" class=\"rank-math-link\"><strong>aqui<\/strong><\/a>.<\/p>","protected":false},"excerpt":{"rendered":"<p>A atriz Juliana Paes ficou entre os assuntos mais comentados no Twitter, na manh\u00e3 desta quarta-feira (2), ap\u00f3s ela sair em defesa da m\u00e9dica negacionista Nise Yamaguchi. Nise foi uma das interrogadas durante a CPI da covid, e apontada como uma defensora do tratamento precoce contra a doen\u00e7a &#8211; algo que a ci\u00eancia j\u00e1 afirmou [&hellip;]<\/p>\n","protected":false},"author":1,"featured_media":84516,"comment_status":"closed","ping_status":"open","sticky":false,"template":"","format":"standard","meta":{"footnotes":""},"categories":[173],"tags":[477,6094],"class_list":["post-84515","post","type-post","status-publish","format-standard","has-post-thumbnail","hentry","category-celebridades","tag-bolsonaro","tag-juliana-paes"],"_links":{"self":[{"href":"https:\/\/portalpopmais.com.br\/en\/wp-json\/wp\/v2\/posts\/84515","targetHints":{"allow":["GET"]}}],"collection":[{"href":"https:\/\/portalpopmais.com.br\/en\/wp-json\/wp\/v2\/posts"}],"about":[{"href":"https:\/\/portalpopmais.com.br\/en\/wp-json\/wp\/v2\/types\/post"}],"author":[{"embeddable":true,"href":"https:\/\/portalpopmais.com.br\/en\/wp-json\/wp\/v2\/users\/1"}],"replies":[{"embeddable":true,"href":"https:\/\/portalpopmais.com.br\/en\/wp-json\/wp\/v2\/comments?post=84515"}],"version-history":[{"count":0,"href":"https:\/\/portalpopmais.com.br\/en\/wp-json\/wp\/v2\/posts\/84515\/revisions"}],"wp:featuredmedia":[{"embeddable":true,"href":"https:\/\/portalpopmais.com.br\/en\/wp-json\/wp\/v2\/media\/84516"}],"wp:attachment":[{"href":"https:\/\/portalpopmais.com.br\/en\/wp-json\/wp\/v2\/media?parent=84515"}],"wp:term":[{"taxonomy":"category","embeddable":true,"href":"https:\/\/portalpopmais.com.br\/en\/wp-json\/wp\/v2\/categories?post=84515"},{"taxonomy":"post_tag","embeddable":true,"href":"https:\/\/portalpopmais.com.br\/en\/wp-json\/wp\/v2\/tags?post=84515"}],"curies":[{"name":"wp","href":"https:\/\/api.w.org\/{rel}","templated":true}]}}