{"id":84776,"date":"2021-06-05T21:57:42","date_gmt":"2021-06-06T00:57:42","guid":{"rendered":"https:\/\/portalpopmais.com.br\/?p=84776"},"modified":"2021-06-05T22:05:39","modified_gmt":"2021-06-06T01:05:39","slug":"victor-hugo-leva-perdido-de-ex-bbbs-endereco-errado","status":"publish","type":"post","link":"https:\/\/portalpopmais.com.br\/en\/victor-hugo-leva-perdido-de-ex-bbbs-endereco-errado\/","title":{"rendered":"V\u00cdDEO | Victor Hugo leva &#8220;perdido&#8221; de ex-BBBs ap\u00f3s grava\u00e7\u00f5es: &#8220;me passaram o endere\u00e7o errado&#8221;"},"content":{"rendered":"\n<p class=\"wp-block-paragraph\">O ex-BBB <strong><a href=\"https:\/\/portalpopmais.com.br\/victor-hugo-tenta-pegar-voo-com-covid\/\" data-type=\"post\" data-id=\"73696\" target=\"_blank\" rel=\"noreferrer noopener\">Victor Hugo<\/a><\/strong> compartilhou em suas redes sociais que levou um &#8220;perdido&#8221; de <strong>Flay<\/strong>, <strong>Gizelly<\/strong>, <strong>Daniel <\/strong>e <strong>Marcela<\/strong>, seus ex-colegas de confinamento no reality da Globo. O psic\u00f3logo publicou uma s\u00e9rie de v\u00eddeos em sua conta no Instagram, mostrando uma verdadeira &#8220;saga&#8221; em busca dos seus amigos.<\/p>\n\n\n\n<p class=\"wp-block-paragraph\">Hugo participou de uma grava\u00e7\u00e3o com os ex-BBBs. Ap\u00f3s as filmagens, eles foram embora e o deixaram sozinho. Victor conta que a Flay passou um endere\u00e7o errado, e que Gizelly confirmou que tal endere\u00e7o tamb\u00e9m estava errado. <em>&#8220;Acabou desencontrando&#8221;<\/em>, disse ele. <\/p>\n\n\n\n<figure class=\"wp-block-embed aligncenter is-type-rich is-provider-twitter wp-block-embed-twitter\"><div class=\"wp-block-embed__wrapper\">\nhttps:\/\/twitter.com\/whomath\/status\/1401329684026175488\n<\/div><\/figure>\n\n\n\n<figure class=\"wp-block-embed is-type-rich is-provider-twitter wp-block-embed-twitter\"><div class=\"wp-block-embed__wrapper\">\n<blockquote class=\"twitter-tweet\" data-width=\"550\" data-dnt=\"true\"><p lang=\"pt\" dir=\"ltr\">Victor Hugo tomou um perdido da Flay e Gizelly <a href=\"https:\/\/t.co\/i4o1J0ZEyu\">pic.twitter.com\/i4o1J0ZEyu<\/a><\/p>&mdash; Diego Cartaxo (@D_Cartaxo) <a href=\"https:\/\/twitter.com\/D_Cartaxo\/status\/1401343814715920386?ref_src=twsrc%5Etfw\" target=\"_blank\" rel=\"noopener\">June 6, 2021<\/a><\/blockquote><script async src=\"https:\/\/platform.twitter.com\/widgets.js\" charset=\"utf-8\"><\/script>\n<\/div><\/figure>\n\n\n\n<p class=\"wp-block-paragraph\">Com a repercuss\u00e3o, Victor Hugo se pronunciou, onde descartou que foi exclu\u00eddo do grupo. <em>&#8220;Eu fiz um job muito legal com meus amigos, que eu gosto muito. E todos n\u00f3s nos respeitamos bastante&#8221;,<\/em> come\u00e7a ele.<em> &#8220;Voc\u00eas sabem que todos eles me acolheram bastante, tanto no BBB quanto depois&#8221;,<\/em> continuou. <em>&#8220;Houve um desencontro, e todos j\u00e1 passaram por isso alguma vez com algum amigo [\u2026] Por favor, Big Brother j\u00e1 acabou, l\u00e1 dentro tiveram coisas, mas aqui foram fui muito bem acolhido pela galera da minha edi\u00e7\u00e3o&#8221;,<\/em> finalizou. <\/p>\n\n\n\n<h2 class=\"wp-block-heading\">Victor Hugo pede emprego nas redes sociais<\/h2>\n\n\n\n<p class=\"wp-block-paragraph\">No \u00faltimo dia 27 de maio, <a href=\"https:\/\/www.instagram.com\/victorhsteixeira\/\" target=\"_blank\" rel=\"noreferrer noopener\">Victor Hugo<\/a> utilizou as redes sociais, nesta \u00faltima quarta-feira (26\/05), para tentar uma vaga de emprego, visto que n\u00e3o conseguiu desenvolver sua carreira ap\u00f3s o reality global.<\/p>\n\n\n\n<p class=\"wp-block-paragraph\">O psic\u00f3logo compartilhou o curr\u00edculo e revelou n\u00e3o ter tido muitas oportunidades de trabalho, afirmando que nada deu certo para ele. <em>&#8220;Querem me ajudar? Procuro emprego. At\u00e9 hoje nada deu certo para mim&#8221;,<\/em> escreveu.<\/p>\n\n\n\n<p class=\"wp-block-paragraph\">O seu sonho \u00e9 trabalhar com m\u00fasica e roteiro, mas enquanto isso n\u00e3o acontece, Victor afirma precisar de um emprego. O maranhense tamb\u00e9m relembrou quando saiu do BBB e o discurso feito pelo apresentador Tiago Leifert.<\/p>\n\n\n\n<p class=\"wp-block-paragraph\"><em>&#8220;Eu sa\u00ed [do BBB] bem, feliz e realizado! De consci\u00eancia tranquila e disposto a colher muitos frutos! Disposto a me jogar demais em v\u00e1rios projetos e finalmente realizar aqueles sonhos que o Ti [Tiago Leifert] falou no programa. Acontece que nada deu certo at\u00e9 hoje, mesmo eu correndo atr\u00e1s e dando meu melhor,&#8221;<\/em> afirmou.<\/p>\n\n\n\n<p class=\"wp-block-paragraph\">Ele ressaltou que n\u00e3o conseguiu ter nenhuma oportunidade em sites que oferecem vagas de emprego. <em>&#8220;Enviei meu curr\u00edculo para quase todas as plataformas! Como n\u00e3o rolou nada ainda, ent\u00e3o resolvi aproveitar a visibilidade aqui que tenho muitos seguidores. Tomara que d\u00ea certo&#8221;<\/em>, explicou.<\/p>\n","protected":false},"excerpt":{"rendered":"<p>O ex-BBB Victor Hugo compartilhou em suas redes sociais que levou um &#8220;perdido&#8221; de Flay, Gizelly, Daniel e Marcela, seus ex-colegas de confinamento no reality da Globo. O psic\u00f3logo publicou uma s\u00e9rie de v\u00eddeos em sua conta no Instagram, mostrando uma verdadeira &#8220;saga&#8221; em busca dos seus amigos. Hugo participou de uma grava\u00e7\u00e3o com os [&hellip;]<\/p>\n","protected":false},"author":2,"featured_media":84777,"comment_status":"closed","ping_status":"open","sticky":false,"template":"","format":"standard","meta":{"footnotes":""},"categories":[173],"tags":[2268],"class_list":["post-84776","post","type-post","status-publish","format-standard","has-post-thumbnail","hentry","category-celebridades","tag-victor-hugo"],"_links":{"self":[{"href":"https:\/\/portalpopmais.com.br\/en\/wp-json\/wp\/v2\/posts\/84776","targetHints":{"allow":["GET"]}}],"collection":[{"href":"https:\/\/portalpopmais.com.br\/en\/wp-json\/wp\/v2\/posts"}],"about":[{"href":"https:\/\/portalpopmais.com.br\/en\/wp-json\/wp\/v2\/types\/post"}],"author":[{"embeddable":true,"href":"https:\/\/portalpopmais.com.br\/en\/wp-json\/wp\/v2\/users\/2"}],"replies":[{"embeddable":true,"href":"https:\/\/portalpopmais.com.br\/en\/wp-json\/wp\/v2\/comments?post=84776"}],"version-history":[{"count":0,"href":"https:\/\/portalpopmais.com.br\/en\/wp-json\/wp\/v2\/posts\/84776\/revisions"}],"wp:featuredmedia":[{"embeddable":true,"href":"https:\/\/portalpopmais.com.br\/en\/wp-json\/wp\/v2\/media\/84777"}],"wp:attachment":[{"href":"https:\/\/portalpopmais.com.br\/en\/wp-json\/wp\/v2\/media?parent=84776"}],"wp:term":[{"taxonomy":"category","embeddable":true,"href":"https:\/\/portalpopmais.com.br\/en\/wp-json\/wp\/v2\/categories?post=84776"},{"taxonomy":"post_tag","embeddable":true,"href":"https:\/\/portalpopmais.com.br\/en\/wp-json\/wp\/v2\/tags?post=84776"}],"curies":[{"name":"wp","href":"https:\/\/api.w.org\/{rel}","templated":true}]}}