{"id":85433,"date":"2021-06-15T10:19:02","date_gmt":"2021-06-15T13:19:02","guid":{"rendered":"https:\/\/portalpopmais.com.br\/?p=85433"},"modified":"2021-06-15T10:22:04","modified_gmt":"2021-06-15T13:22:04","slug":"maira-charken-chora-dificuldade-financeira","status":"publish","type":"post","link":"https:\/\/portalpopmais.com.br\/en\/maira-charken-chora-dificuldade-financeira\/","title":{"rendered":"V\u00eddeo: Ma\u00edra Charken, ex-apresentadora do V\u00eddeo Show, chora ao falar sobre dificuldade financeira"},"content":{"rendered":"<p class=\"wp-block-paragraph\">A atriz e comediante <strong><a href=\"https:\/\/www.instagram.com\/mairacharken\/\" target=\"_blank\" data-type=\"URL\" data-id=\"https:\/\/www.instagram.com\/mairacharken\/\" rel=\"noreferrer noopener\">Ma\u00edra Charken<\/a><\/strong>, ex-apresentadora do extinto <a href=\"https:\/\/portalpopmais.com.br\/en\/globo-determina-fim-do-video-show-apos-35-anos-no-ar\/\" target=\"_blank\" data-type=\"post\" data-id=\"14711\" rel=\"noreferrer noopener\">V\u00eddeo Show<\/a>, desabafou em suas redes sociais na \u00faltima segunda-feira (14) sobre a dificuldade financeira que tem enfrentado. Chorando, ela contou que teve a energia cortada e que talvez tenha que tirar o filho, de tr\u00eas anos, da escola por falta de pagamento.<em> &#8220;Quero pagar as minhas contas em dia&#8221;<\/em>, externou.<\/p>\n\n\n\n<p class=\"wp-block-paragraph\"><em>\u201cGente, eu preciso desabafar. Vou apagar depois esses v\u00eddeos. N\u00e3o aguento mais chorar sozinha. Tenho muita esperan\u00e7a, sou muito grata, muito privilegiada, sortuda, sabe? De ter o filho que tenho, das coisas que tenho, mas sabe\u2026 Aquele momento que voc\u00ea fala: \u2018Eu podia estar melhor. Tinha que estar melhor\u2019. Desculpa. Odeio reclamar, odeio estar assim. Mas hoje a luz foi cortada porque tudo fica em cima de mim. J\u00e1 paguei e agora estou esperando religar. Isso j\u00e1 aconteceu v\u00e1rias vezes, quem me acompanhou na gravidez lembra que a luz era cortada toda hora\u201d<\/em>, come\u00e7ou a atriz.<\/p>\n\n\n\n<p class=\"wp-block-paragraph\"><em>&#8220;Estou com a escola do Gael atrasada. Acho que vou ter que tirar ele, n\u00e3o estou conseguindo ver uma maneira de deix\u00e1-lo l\u00e1. Por mais que eu tenha um privil\u00e9gio de poder pagar depois, parcelar\u2026 S\u00e3o tr\u00eas anos que fiquei sem renda nenhuma, o buraco foi cavado fundo. Acredito que at\u00e9 o fim do ano eu consiga tampar esse buraco\u201d, <\/em>acrescentou Ma\u00edra Charken.<\/p>\n\n\n\n<p class=\"wp-block-paragraph\">A comediante explicou que deseja muito voltar \u00e0 carreira art\u00edstica, mas &#8220;ningu\u00e9m me contrata para o trabalho que nasci para fazer&#8221;. Enquanto n\u00e3o surge alguma oportunidade, ela &#8220;se vira&#8221; como pode.<em> &#8220;Fa\u00e7o acontecer, vendo produtos, crio os conte\u00fados, consigo parcerias. \u00c9 dif\u00edcil conseguir hoje marcas que te deem dinheiro. Geralmente elas topam com voc\u00ea fazer uma reforma\u2026 Eu vou me arrepender de estar gravando isso, vou apagar tudo, mas preciso falar com algu\u00e9m\u201d.<\/em><\/p>\n\n\n\n<p class=\"wp-block-paragraph\">Ma\u00edra ainda admitiu que se considera a respons\u00e1vel por estar passando pelo atual problema que enfrenta, devido \u00e0 m\u00e1 administra\u00e7\u00e3o do pr\u00f3prio dinheiro, mas se questiona sobre o seu trabalho n\u00e3o ser reconhecido. <em>\u201cSou uma p*** atriz, sou uma grande artista, por que n\u00e3o posso estar fazendo aquilo que amo de verdade? Eu quero estar em um palco, em uma novela, em uma produ\u00e7\u00e3o. Quero pagar minhas contas em dia\u201d<\/em>, relatou.<\/p>\n\n\n\n<p class=\"wp-block-paragraph\">Assista:<\/p>\n\n\n\n<figure class=\"wp-block-embed is-type-video is-provider-youtube wp-block-embed-youtube wp-embed-aspect-16-9 wp-has-aspect-ratio\"><div class=\"wp-block-embed__wrapper\">\n<iframe loading=\"lazy\" title=\"Ma\u00edra Charken, ex-apresentadora do V\u00eddeo Show, chora por falta de trabalho e contas atrasadas\" width=\"880\" height=\"495\" src=\"https:\/\/www.youtube.com\/embed\/76acMaLvwCM?feature=oembed\" frameborder=\"0\" allow=\"accelerometer; autoplay; clipboard-write; encrypted-media; gyroscope; picture-in-picture\" allowfullscreen><\/iframe>\n<\/div><\/figure>\n\n\n\n<p class=\"wp-block-paragraph\">Ma\u00edra Charken \u00e9 casada com o atleta Renato Antunes, que conheceu durante o quadro Saltibum, no Caldeir\u00e3o do Huck. O reality show de saltos ornamentais foi o \u00faltimo trabalho dela na TV, no ano de 2017. Ela foi a campe\u00e3 da edi\u00e7\u00e3o.<\/p>","protected":false},"excerpt":{"rendered":"<p>A atriz e comediante Ma\u00edra Charken, ex-apresentadora do extinto V\u00eddeo Show, desabafou em suas redes sociais na \u00faltima segunda-feira (14) sobre a dificuldade financeira que tem enfrentado. Chorando, ela contou que teve a energia cortada e que talvez tenha que tirar o filho, de tr\u00eas anos, da escola por falta de pagamento. &#8220;Quero pagar as [&hellip;]<\/p>\n","protected":false},"author":2,"featured_media":85434,"comment_status":"closed","ping_status":"open","sticky":false,"template":"","format":"standard","meta":{"footnotes":""},"categories":[173],"tags":[8798],"class_list":["post-85433","post","type-post","status-publish","format-standard","has-post-thumbnail","hentry","category-celebridades","tag-maira-charken"],"_links":{"self":[{"href":"https:\/\/portalpopmais.com.br\/en\/wp-json\/wp\/v2\/posts\/85433","targetHints":{"allow":["GET"]}}],"collection":[{"href":"https:\/\/portalpopmais.com.br\/en\/wp-json\/wp\/v2\/posts"}],"about":[{"href":"https:\/\/portalpopmais.com.br\/en\/wp-json\/wp\/v2\/types\/post"}],"author":[{"embeddable":true,"href":"https:\/\/portalpopmais.com.br\/en\/wp-json\/wp\/v2\/users\/2"}],"replies":[{"embeddable":true,"href":"https:\/\/portalpopmais.com.br\/en\/wp-json\/wp\/v2\/comments?post=85433"}],"version-history":[{"count":0,"href":"https:\/\/portalpopmais.com.br\/en\/wp-json\/wp\/v2\/posts\/85433\/revisions"}],"wp:featuredmedia":[{"embeddable":true,"href":"https:\/\/portalpopmais.com.br\/en\/wp-json\/wp\/v2\/media\/85434"}],"wp:attachment":[{"href":"https:\/\/portalpopmais.com.br\/en\/wp-json\/wp\/v2\/media?parent=85433"}],"wp:term":[{"taxonomy":"category","embeddable":true,"href":"https:\/\/portalpopmais.com.br\/en\/wp-json\/wp\/v2\/categories?post=85433"},{"taxonomy":"post_tag","embeddable":true,"href":"https:\/\/portalpopmais.com.br\/en\/wp-json\/wp\/v2\/tags?post=85433"}],"curies":[{"name":"wp","href":"https:\/\/api.w.org\/{rel}","templated":true}]}}