{"id":85560,"date":"2021-06-17T23:59:00","date_gmt":"2021-06-18T02:59:00","guid":{"rendered":"https:\/\/portalpopmais.com.br\/?p=85560"},"modified":"2021-06-23T18:37:13","modified_gmt":"2021-06-23T21:37:13","slug":"lancamentos-musicais-18-de-junho-de-2021","status":"publish","type":"post","link":"https:\/\/portalpopmais.com.br\/en\/lancamentos-musicais-18-de-junho-de-2021\/","title":{"rendered":"Lan\u00e7amentos a semana: Luan Santana, Jonas Brothers, Gloria Groove, Anitta, Marieme e mais!"},"content":{"rendered":"<p class=\"wp-block-paragraph\">Outra sexta-feira (18) chegou, e desta vez com destaque para <strong><a href=\"http:\/\/instagram.com\/luansantana\" target=\"_blank\" rel=\"noreferrer noopener\">Luan Santana<\/a><\/strong>, que finalmente lan\u00e7ou a aguardada <em>&#8220;Morena&#8221;<\/em>. Mas os lan\u00e7amentos n\u00e3o para por a\u00ed&#8230;<\/p>\n\n\n\n<p class=\"wp-block-paragraph\">Os meninos do <strong>Jonas Brothers<\/strong>, tamb\u00e9m est\u00e3o de single novo, <em>&#8220;Remember This&#8221;<\/em>, assim como <strong><a href=\"https:\/\/portalpopmais.com.br\/en\/letra-bonekinha-gloria-groove\/\" target=\"_blank\" data-type=\"post\" data-id=\"85559\" rel=\"noreferrer noopener\">Gloria Groove<\/a><\/strong>, e <strong>Kevinho<\/strong>, que se uniu \u00e0 <strong>Jottap\u00ea <\/strong>e <strong>Aron Piper<\/strong>. <\/p>\n\n\n\n<p class=\"wp-block-paragraph\">A semana traz ainda <strong>Olivia Rodrigo<\/strong>,<strong> H.E.R<\/strong>, <strong>Marieme<\/strong>, e mais. Confira os principais lan\u00e7amentos da semana e aproveite para seguir nossa playlist:<\/p>\n\n\n\n<h2 class=\"wp-block-heading\">Luan Santana<\/h2>\n\n\n\n<p class=\"wp-block-paragraph\">Nesta quinta-feira (17), Luan Santana deu in\u00edcio a uma nova era com o lan\u00e7amento de &#8220;Morena&#8221;, seu primeiro single pela Sony Music. Na faixa, o cantor mescla sertanejo, reggaeton e forr\u00f3, tudo isso acompanhado de um clipe cinematogr\u00e1fico. <\/p>\n\n\n\n<figure class=\"wp-block-embed aligncenter is-type-video is-provider-youtube wp-block-embed-youtube wp-embed-aspect-16-9 wp-has-aspect-ratio\"><div class=\"wp-block-embed__wrapper\">\n<iframe loading=\"lazy\" title=\"Luan Santana - MORENA (Clipe Oficial)\" width=\"880\" height=\"495\" src=\"https:\/\/www.youtube.com\/embed\/ZIiQ1jMqhVM?feature=oembed\" frameborder=\"0\" allow=\"accelerometer; autoplay; clipboard-write; encrypted-media; gyroscope; picture-in-picture\" allowfullscreen><\/iframe>\n<\/div><\/figure>\n\n\n\n<h2 class=\"wp-block-heading\">Jonas Brothers<\/h2>\n\n\n\n<p class=\"wp-block-paragraph\">Depois do sucesso<em> <\/em>\u201cLeave Before You Love Me\u201d, onde colaboram com marshmello, o Jonas Brothers lan\u00e7a, nesta sexta-feira (18), a faixa &#8220;Remember This&#8221;. A can\u00e7\u00e3o recebe o mesmo nome da pr\u00f3xima turn\u00ea dos irm\u00e3os, a \u201cThe Remember This Tour\u201d.<\/p>\n\n\n\n<figure class=\"wp-block-embed aligncenter is-type-video is-provider-youtube wp-block-embed-youtube wp-embed-aspect-16-9 wp-has-aspect-ratio\"><div class=\"wp-block-embed__wrapper\">\n<iframe loading=\"lazy\" title=\"Jonas Brothers - Remember This (Lyric Video)\" width=\"880\" height=\"495\" src=\"https:\/\/www.youtube.com\/embed\/qXSG1nQnh38?feature=oembed\" frameborder=\"0\" allow=\"accelerometer; autoplay; clipboard-write; encrypted-media; gyroscope; picture-in-picture\" allowfullscreen><\/iframe>\n<\/div><\/figure>\n\n\n\n<h2 class=\"wp-block-heading\">Gloria Groove<\/h2>\n\n\n\n<p class=\"wp-block-paragraph\">Cheia de atitude, Gloria Groove estreou o clipe da faixa &#8220;Bonekinha&#8221;, o primeiro single de &#8220;Lady Leste&#8221;, novo \u00e1lbum da drag. Em &#8220;Bonekinha&#8221;, ela exalta seu lado feminino e \u201cmaloqueiro\u201d com refer\u00eancias nost\u00e1lgicas de sua adolesc\u00eancia nos anos 2000, como as lan houses e o celular V3.<\/p>\n\n\n\n<figure class=\"wp-block-embed aligncenter is-type-video is-provider-youtube wp-block-embed-youtube wp-embed-aspect-16-9 wp-has-aspect-ratio\"><div class=\"wp-block-embed__wrapper\">\n<iframe loading=\"lazy\" title=\"GLORIA GROOVE - BONEKINHA (CLIPE OFICIAL)\" width=\"880\" height=\"495\" src=\"https:\/\/www.youtube.com\/embed\/EhjIxhpGxDc?feature=oembed\" frameborder=\"0\" allow=\"accelerometer; autoplay; clipboard-write; encrypted-media; gyroscope; picture-in-picture\" allowfullscreen><\/iframe>\n<\/div><\/figure>\n\n\n\n<h2 class=\"wp-block-heading\">Olivia Rodrigo<\/h2>\n\n\n\n<p class=\"wp-block-paragraph\">A queridinha do mundo pop na atualidade, Olivia Rodrigo liberou mais uma faixa hoje, chamada &#8220;The Rose Song&#8221;. A can\u00e7\u00e3o \u00e9 mais uma da s\u00e9rie &#8220;High School Musical: A S\u00e9rie: O Musical&#8221;, da qual a cantora faz parte do elenco.<\/p>\n\n\n\n<figure class=\"wp-block-embed aligncenter is-type-video is-provider-youtube wp-block-embed-youtube wp-embed-aspect-4-3 wp-has-aspect-ratio\"><div class=\"wp-block-embed__wrapper\">\n<iframe loading=\"lazy\" title=\"The Rose Song (From &quot;High School Musical: The Musical: The Series (Season 2)&quot;)\" width=\"880\" height=\"660\" src=\"https:\/\/www.youtube.com\/embed\/cIIU8G9efek?feature=oembed\" frameborder=\"0\" allow=\"accelerometer; autoplay; clipboard-write; encrypted-media; gyroscope; picture-in-picture\" allowfullscreen><\/iframe>\n<\/div><\/figure>\n\n\n\n<h2 class=\"wp-block-heading\">H.E.R.<\/h2>\n\n\n\n<p class=\"wp-block-paragraph\">\u201cBack Of My Mind\u201d \u00e9 o nome do novo \u00e1lbum da cantora H.E.R., lan\u00e7ado hoje (18). O disco inclui as j\u00e1 conhecidas \u201cDamage\u201d, \u201cHold On\u201d, \u201cWe Made It\u201d e \u201cCome Through\u201d, em parceria com Chris Brown.<\/p>\n\n\n\n<center><iframe loading=\"lazy\" src=\"https:\/\/open.spotify.com\/embed\/album\/577SefILL1LFIbsOMP3lm1\" width=\"600\" height=\"380\" frameborder=\"0\" allowtransparency=\"true\" allow=\"encrypted-media\"><\/iframe><\/center>\n\n\n\n<h2 class=\"wp-block-heading\">Anitta<\/h2>\n\n\n\n<p class=\"wp-block-paragraph\">Anitta est\u00e1 na trilha sonora do filme &#8220;Velozes e Furiosos 9&#8221;, lan\u00e7ada hoje, que inclui ainda Offset, 24kGoldn e v\u00e1rios outros. A faixa da brasileira se chama &#8220;Furiosa&#8221;. <\/p>\n\n\n\n<center><iframe loading=\"lazy\" src=\"https:\/\/open.spotify.com\/embed\/album\/6b25HHttQa5yFNfLpSyoDq\" width=\"600\" height=\"380\" frameborder=\"0\" allowtransparency=\"true\" allow=\"encrypted-media\"><\/iframe><\/center>\n\n\n\n<h2 class=\"wp-block-heading\">Kevinho, Jottap\u00ea e Aron Piper<\/h2>\n\n\n\n<p class=\"wp-block-paragraph\">Finalmente saiu a aguardada parceria entre Kevinho, Jottap\u00ea e Aron Piper, intitulada &#8220;Errada Ela N\u00e3o T\u00e1&#8221;. A participa\u00e7\u00e3o do astro da Netflix causou alvo\u00e7oro nas redes sociais, com a passagem de Piper pelo pa\u00eds para grava\u00e7\u00e3o do clipe, que ser\u00e1 lan\u00e7ado logo mais \u00e0s 12h.<\/p>\n\n\n\n<figure class=\"wp-block-embed aligncenter is-type-video is-provider-youtube wp-block-embed-youtube wp-embed-aspect-16-9 wp-has-aspect-ratio\"><div class=\"wp-block-embed__wrapper\">\n<iframe loading=\"lazy\" title=\"Jottap\u00ea, Kevinho, ARON - Errada Ela n\u00e3o t\u00e1 (KondZilla)\" width=\"880\" height=\"495\" src=\"https:\/\/www.youtube.com\/embed\/4jXZTO4PQZE?feature=oembed\" frameborder=\"0\" allow=\"accelerometer; autoplay; clipboard-write; encrypted-media; gyroscope; picture-in-picture\" allowfullscreen><\/iframe>\n<\/div><\/figure>\n\n\n\n<h2 class=\"wp-block-heading\">Marieme<\/h2>\n\n\n\n<p class=\"wp-block-paragraph\">Chega em todas as plataformas digitais nesta sexta, 18, o EP \u201cSongs For The Revolution\u201d, da cantora americana-senegalesa Marieme, conhecida no Brasil pela rela\u00e7\u00e3o pr\u00f3xima que tem com o pa\u00eds (amiga pessoal de nomes como Giovanna Ewbank, Bruno Gagliasso e Isis Valverde). \u201cPeople\u201d \u00e9 o single carro-chefe do registro, com videoclipe indo ao ar simultaneamente. <\/p>\n\n\n\n<p class=\"wp-block-paragraph\">Com cinco faixas, o novo trabalho explora narrativas sociais, como quest\u00f5es feministas, desigualdade e uni\u00e3o entre os povos. \u201cCada m\u00fasica do EP tem um senso de urg\u00eancia, mas de modos diferentes. Sinto que, juntas, as faixas tratam dos assuntos necess\u00e1rios para instalarmos uma revolu\u00e7\u00e3o. Ent\u00e3o essas m\u00fasicas vem para ajudar na revolu\u00e7\u00e3o social da qual a m\u00fasica sempre fez parte\u201d, ela explica. Assinam a produ\u00e7\u00e3o do EP o italiano Michele Iorfida, que j\u00e1 trabalhou com Alicia Keys, e Kelly Rowland, al\u00e9m do frequente colaborador Davy Nathan (Jessie J, Toni Braxton).<\/p>\n\n\n\n<center><iframe loading=\"lazy\" src=\"https:\/\/open.spotify.com\/embed\/album\/5WWK6iQAHKZ3UiexY5VmuN\" width=\"600\" height=\"380\" frameborder=\"0\" allowtransparency=\"true\" allow=\"encrypted-media\"><\/iframe><\/center>\n\n\n\n<h2 class=\"wp-block-heading\">Emilia Pedersen<\/h2>\n\n\n\n<p class=\"wp-block-paragraph\">J\u00e1 est\u00e1 dispon\u00edvel, em todas as plataformas digitais, \u201cDo You Think Of Me Too?\u201d, novo single da cantora dinamarquesa-brasileira Emilia Pedersen. Essa \u00e9 a primeira vez que Emilia assina, sozinha, as letras de uma m\u00fasica. A nova faixa \u00e9 um electropop dan\u00e7ante e pra cima, sobre os primeiros momentos de um romance, produzido por Eren Cannata \u2013 que trabalhou no \u00faltimo disco da Demi Lovato, \u201cDancing With the Devil\u2026 The Art of Starting Over\u201d. Emilia assina tamb\u00e9m o videoclipe da m\u00fasica, que vai ao ar no dia 22 deste m\u00eas.<\/p>\n\n\n\n<figure class=\"wp-block-embed aligncenter is-type-video is-provider-youtube wp-block-embed-youtube wp-embed-aspect-4-3 wp-has-aspect-ratio\"><div class=\"wp-block-embed__wrapper\">\n<iframe loading=\"lazy\" title=\"Do You Think Of Me Too?\" width=\"880\" height=\"660\" src=\"https:\/\/www.youtube.com\/embed\/INCdDgdhLHo?feature=oembed\" frameborder=\"0\" allow=\"accelerometer; autoplay; clipboard-write; encrypted-media; gyroscope; picture-in-picture\" allowfullscreen><\/iframe>\n<\/div><\/figure>\n\n\n\n<h2 class=\"wp-block-heading\">Lucy Alves<\/h2>\n\n\n\n<p class=\"wp-block-paragraph\">A aclamada cantora, musicista e atriz paraibana Lucy Alves lan\u00e7a hoje seu mais novo single: &#8220;Embrasa&#8221;. O trabalho, que j\u00e1 est\u00e1 dispon\u00edvel em todas as plataformas digitais, \u00e9 uma parceria com Tato, compositor e vocalista do grupo Falamansa. Este \u00e9 o mais recente single do \u00e1lbum de Lucy, &#8220;Avisa&#8221;, que tamb\u00e9m chega hoje completo em todas as plataformas digitais. &#8220;Avisa&#8221;, que \u00e9 composto por releituras de can\u00e7\u00f5es do repert\u00f3rio do Falamansa, traz seis faixas gravadas pelo grupo e a in\u00e9dita &#8220;Embrasa&#8221;.<\/p>\n\n\n\n<p class=\"wp-block-paragraph\">&#8220;A ideia pro \u00e1lbum &#8216;Avisa&#8217; foi fazer releituras de can\u00e7\u00f5es bonitas que gosto de forr\u00f3&#8221;, conta Lucy. &#8220;Eu gosto e admiro muito o Falamansa e as composi\u00e7\u00f5es trazem o balan\u00e7o do nosso forr\u00f3 com letras contempor\u00e2neas e cheias de poesia, amor e astral. O Falamansa tem uma trajet\u00f3ria que ajudou a difundir ainda mais o forr\u00f3 no Brasil e \u00e9 um grupo de um som muito sincero e que traz positividade em suas mensagens. Conseguiram construir uma base s\u00f3lida de f\u00e3s porque t\u00eam um trabalho bem feito, substancial e que nunca perdeu sua qualidade.&#8221;<\/p>\n\n\n\n<center><iframe loading=\"lazy\" src=\"https:\/\/open.spotify.com\/embed\/album\/4ro3cmQlvr5MfOAi1aUWSG\" width=\"600\" height=\"380\" frameborder=\"0\" allowtransparency=\"true\" allow=\"encrypted-media\"><\/iframe><\/center>\n\n\n\n<h2 class=\"wp-block-heading\">Wesley Safad\u00e3o<\/h2>\n\n\n\n<p class=\"wp-block-paragraph\">Wesley Safad\u00e3o apresenta nesta quinta-feira (17) o \u00e1lbum &#8220;WS Sem Limites&#8221;. Gravado de forma altamente tecnol\u00f3gica, o disco sai pela Som Livre e chega com nove faixas, sendo sete in\u00e9ditas, e participa\u00e7\u00f5es especiais como Tarc\u00edsio do Acordeon na faixa &#8220;Ele N\u00e3o Te Merece&#8221; e MC Rebecca em &#8220;Porra Louca&#8221;. No lan\u00e7amento, o cantor mostra toda sua versatilidade ao unir o melhor do forr\u00f3 com outros g\u00eaneros musicais. Um dos maiores nomes do forr\u00f3, Wesley Safad\u00e3o mostra que tamb\u00e9m \u00e9 um gigante pelos resultados alcan\u00e7ados. S\u00f3 em seu canal no YouTube, s\u00e3o mais de 12,8 milh\u00f5es de inscritos e 6,5 bilh\u00f5es de visualiza\u00e7\u00f5es. Al\u00e9m disso, s\u00e3o 10 milh\u00f5es de ouvintes mensais nas plataformas de streaming, al\u00e9m de mais de 33,6 milh\u00f5es de followers.<\/p>\n\n\n\n<center><iframe loading=\"lazy\" src=\"https:\/\/open.spotify.com\/embed\/album\/5EopJnJifkrGKt7jyRZonH\" width=\"600\" height=\"380\" frameborder=\"0\" allowtransparency=\"true\" allow=\"encrypted-media\"><\/iframe><\/center>\n\n\n\n<h2 class=\"wp-block-heading\">Dudu e MC Guim\u00ea<\/h2>\n\n\n\n<p class=\"wp-block-paragraph\">O rapper Dudu apresenta nesta sexta-feira (18) sua nova faixa, &#8220;Giro&#8221;. A track, fruto de uma parceria in\u00e9dita com MC Guim\u00ea, \u00e9 o segundo single do artista capixaba neste ano pela Som Livre. Com produ\u00e7\u00e3o de Tibery &#8211; parceiro de longa data de Dudu em diversos outros lan\u00e7amentos musicais -, &#8220;Giro&#8221; chega com uma sonoridade diferente, trazendo um trap que se aproxima da linguagem do funk, e mais uma vez evidencia a versatilidade do jovem rapper. Tendo materiais audiovisuais bem produzidos como uma das marcas registradas de sua carreira, Dudu protagoniza o clipe da faixa ao lado dos parceiros musicais. O clipe traz o rapper em uma atmosfera urbana street-style, cantando entre motos, carros e um grupo de dan\u00e7arinos que fazem movimentos coreografados. Com um script que traz algumas surpresas, com as participa\u00e7\u00f5es de Guim\u00ea e de Tibery sendo reveladas por tr\u00e1s de um vidro fum\u00ea e de uma m\u00e1scara, respectivamente, o v\u00eddeo traz ainda elementos do universo do drift. Produzido pela Cl\u00e3 Filmes, outro ponto que chama a aten\u00e7\u00e3o s\u00e3o as transi\u00e7\u00f5es e edi\u00e7\u00f5es do audiovisual, com efeitos especiais que agregam uma pegada mais descontra\u00edda ao videoclipe.<\/p>\n\n\n\n<figure class=\"wp-block-embed aligncenter is-type-video is-provider-youtube wp-block-embed-youtube wp-embed-aspect-16-9 wp-has-aspect-ratio\"><div class=\"wp-block-embed__wrapper\">\n<iframe loading=\"lazy\" title=\"Dudu, MC Guime\u0302 e Tibery - Giro (Clipe Oficial)\" width=\"880\" height=\"495\" src=\"https:\/\/www.youtube.com\/embed\/l2HZyIXMOTM?feature=oembed\" frameborder=\"0\" allow=\"accelerometer; autoplay; clipboard-write; encrypted-media; gyroscope; picture-in-picture\" allowfullscreen><\/iframe>\n<\/div><\/figure>\n\n\n\n<h2 class=\"wp-block-heading\">Dubdogz e Cat Dealers<\/h2>\n\n\n\n<p class=\"wp-block-paragraph\">Dubdogz e Cat Dealers se unem para o lan\u00e7amento de &#8220;Good Good&#8221; pela gigantesca Spinnin&#8217; Records. Trazendo de volta as influ\u00eancias do Brazilian Bass na cena mundial eletr\u00f4nica, as duplas apresentam um Slap House de respeito combinando a sonoridade e caracter\u00edsticas de ambos os projetos. &#8220;Good Good&#8221; j\u00e1 recebeu suporte de nomes como Afrojack, Blasterjaxx, Dimitri Vegas &amp; Like Mike, Lucas &amp; Steve, Martin Garrix, Mike Williams, R3hab, Timmy Trumpet e Yves V.<\/p>\n\n\n\n<figure class=\"wp-block-embed aligncenter is-type-video is-provider-youtube wp-block-embed-youtube wp-embed-aspect-4-3 wp-has-aspect-ratio\"><div class=\"wp-block-embed__wrapper\">\n<iframe loading=\"lazy\" title=\"Good Good\" width=\"880\" height=\"660\" src=\"https:\/\/www.youtube.com\/embed\/h4fsajhG9GY?feature=oembed\" frameborder=\"0\" allow=\"accelerometer; autoplay; clipboard-write; encrypted-media; gyroscope; picture-in-picture\" allowfullscreen><\/iframe>\n<\/div><\/figure>\n\n\n\n<h2 class=\"wp-block-heading\">P\u00e9ricles<\/h2>\n\n\n\n<p class=\"wp-block-paragraph\">No in\u00edcio do ano uma foto do P\u00e9ricles estampou os tel\u00f5es luminosos da Times Square, em Nova York. Era o YouTube divulgando o time internacional de vozes negras do YouTube Black Voices. P\u00e9ricles, Rael, MC Carol e Urias foram os brasileiros escolhidos. O projeto tem como objetivo promover a cultura negra, suas narrativas e a justi\u00e7a racial atrav\u00e9s de personalidades negras mundiais. Os artistas receberam recursos e mentorias da plataforma de v\u00eddeo para produ\u00e7\u00f5es de conte\u00fados em seus canais oficiais.<\/p>\n\n\n\n<p class=\"wp-block-paragraph\">\u201cSer convidado pelo YouTube para fazer parte de um projeto t\u00e3o grande, \u00e9 o sonho de qualquer artista. Eu pude, atrav\u00e9s desse convite e com a ajuda da plataforma, mostrar um pouco da minha arte, que \u00e9 cantar o samba, com uma vis\u00e3o mais popular, mas abrangente. Essa iniciativa mostra para as pessoas que \u00e9 poss\u00edvel realizar e abrir espa\u00e7o para que outras possam chegar. Tem muita gente boa querendo apenas uma oportunidade e o Youtube me deu esse privil\u00e9gio de tamb\u00e9m mostrar gente muito boa fazendo m\u00fasica\u201d.<\/p>\n\n\n\n<figure class=\"wp-block-embed aligncenter is-type-video is-provider-youtube wp-block-embed-youtube wp-embed-aspect-16-9 wp-has-aspect-ratio\"><div class=\"wp-block-embed__wrapper\">\n<iframe loading=\"lazy\" title=\"Pericles Part. Liniker - O Melhor Do Mundo (Videoclipe Oficial)\" width=\"880\" height=\"495\" src=\"https:\/\/www.youtube.com\/embed\/VCIecrd_soc?feature=oembed\" frameborder=\"0\" allow=\"accelerometer; autoplay; clipboard-write; encrypted-media; gyroscope; picture-in-picture\" allowfullscreen><\/iframe>\n<\/div><\/figure>\n\n\n\n<h2 class=\"wp-block-heading\">Banda Velejante e Clara x Sofia<\/h2>\n\n\n\n<p class=\"wp-block-paragraph\">&#8220;N\u00e3o Falta Mais Nada&#8221; nasce do encontro entre os mineiros Velejante e Clara x Sofia para ressignificar o cl\u00e1ssico voz e viol\u00e3o. A m\u00fasica se coloca como um respiro necess\u00e1rio, uma pausa para entender que \u00e0s vezes j\u00e1 temos o que precisamos.<\/p>\n\n\n\n<p class=\"wp-block-paragraph\">&#8220;N\u00e3o Falta Mais Nada \u00e9 aquela m\u00fasica que te faz chorar. N\u00e3o sei se pela letra, melodia, harmonia ou pelo coro poderoso de vozes. Mas algo nela \u00e9 m\u00e1gico e reconfortante. Cantamos sobre o simples fato de que com amor, de nada mais precisamos. Estamos muito realizadas em cantar uma m\u00fasica com tanta poesia. Ela \u00e9 poderosa e transformadora. A produ\u00e7\u00e3o de Baka Dekai \u00e9 impec\u00e1vel e ousada, mesmo que para uma faixa com tanta simplicidade. E a voz do Nana, vocalista do Velejante fez a gente derreter! Esperamos que todo mundo seja tocado pela can\u00e7\u00e3o.&#8221; &#8211; Clara C\u00e2mpara<\/p>\n\n\n\n<p class=\"wp-block-paragraph\">&#8220;Minha escola na m\u00fasica foi sentar no ch\u00e3o, fazer roda, ouvir e cantar junto das outras pessoas. Essa foi a sensa\u00e7\u00e3o que a gente buscou pra essa m\u00fasica. Hoje eu me sinto abra\u00e7ado quando ou\u00e7o &#8220;N\u00e3o Falta Mais Nada&#8221; e espero que mais pessoas tamb\u00e9m sintam esse calor.&#8221; &#8211; Completa Guilherme Nagli (Nana)<\/p>\n\n\n\n<figure class=\"wp-block-embed aligncenter is-type-video is-provider-youtube wp-block-embed-youtube wp-embed-aspect-16-9 wp-has-aspect-ratio\"><div class=\"wp-block-embed__wrapper\">\n<iframe loading=\"lazy\" title=\"N\u00c3O FALTA MAIS NADA | VELEJANTE + CLARAXSOFIA\" width=\"880\" height=\"495\" src=\"https:\/\/www.youtube.com\/embed\/KtD0ygLIDys?feature=oembed\" frameborder=\"0\" allow=\"accelerometer; autoplay; clipboard-write; encrypted-media; gyroscope; picture-in-picture\" allowfullscreen><\/iframe>\n<\/div><\/figure>\n\n\n\n<h2 class=\"wp-block-heading\">Thalles<\/h2>\n\n\n\n<p class=\"wp-block-paragraph\">&#8220;Angustifolia&#8221; \u00e9 o nome do primeiro single cantado em portugu\u00eas lan\u00e7ado por Thalles. A novidade celebra um novo momento na carreira ddo artista. Sobre isso, Thales comenta: \u201cEstamos vivendo um momento dist\u00f3pico total, particularmente no Brasil. E \u00e9 dif\u00edcil n\u00e3o se relacionar e n\u00e3o se deixar afetar por isso. Todos os dias enfrentamos diferentes emo\u00e7\u00f5es individuais e estamos tentando lidar com essa roda gigante. Acredito que todos estamos vivendo essa oscila\u00e7\u00e3o emocional\u201d.<\/p>\n\n\n\n<p class=\"wp-block-paragraph\">Produzido por Lucas Silveira (Fresno), o single carrega uma certa melancolia, marca registrada da carreira musical de Thalles, com estilo indie rock e uma sonoridade ainda pouco explorada no indie brasileiro.<\/p>\n\n\n\n<figure class=\"wp-block-embed aligncenter is-type-video is-provider-youtube wp-block-embed-youtube wp-embed-aspect-4-3 wp-has-aspect-ratio\"><div class=\"wp-block-embed__wrapper\">\n<iframe loading=\"lazy\" title=\"Angustifolia\" width=\"880\" height=\"660\" src=\"https:\/\/www.youtube.com\/embed\/AJ7y-xWzj08?feature=oembed\" frameborder=\"0\" allow=\"accelerometer; autoplay; clipboard-write; encrypted-media; gyroscope; picture-in-picture\" allowfullscreen><\/iframe>\n<\/div><\/figure>\n\n\n\n<h2 class=\"wp-block-heading\">Maria Nayra<\/h2>\n\n\n\n<p class=\"wp-block-paragraph\">Peito acelerado, frio na barriga, riso \u00e0 toa, cabe\u00e7a nas nuvens\u2026 Essas s\u00e3o algumas sensa\u00e7\u00f5es que revelam um cora\u00e7\u00e3o apaixonado e marcam o in\u00edcio de todo relacionamento. \u00c9 sobre essa atmosfera de amor que Maria Nayra canta em seu novo single &#8220;Vem pra c\u00e1&#8221;, lan\u00e7ado hoje (18). A can\u00e7\u00e3o vem acompanhada de um rom\u00e2ntico lyric video, perfeito para embalar momentos a dois e tamb\u00e9m despertar aquela nostalgia de come\u00e7o de namoro.<\/p>\n\n\n\n<p class=\"wp-block-paragraph\">Com refer\u00eancias MPB e uma pegada de reggae, &#8220;Vem pra c\u00e1&#8221; \u00e9 uma can\u00e7\u00e3o composta por Maria Nayra em parceria com Victor Cupertino.<\/p>\n\n\n\n<figure class=\"wp-block-embed aligncenter is-type-video is-provider-youtube wp-block-embed-youtube wp-embed-aspect-4-3 wp-has-aspect-ratio\"><div class=\"wp-block-embed__wrapper\">\n<iframe loading=\"lazy\" title=\"Vem pra C\u00e1\" width=\"880\" height=\"660\" src=\"https:\/\/www.youtube.com\/embed\/f_47WiR__Cw?feature=oembed\" frameborder=\"0\" allow=\"accelerometer; autoplay; clipboard-write; encrypted-media; gyroscope; picture-in-picture\" allowfullscreen><\/iframe>\n<\/div><\/figure>\n\n\n\n<h2 class=\"wp-block-heading\">Pedro Blum<\/h2>\n\n\n\n<p class=\"wp-block-paragraph\">O m\u00fasico, cantor e compositor Pedro Blum, agora, tamb\u00e9m marca sua estreia como produtor musical atrav\u00e9s do lan\u00e7amento &#8220;Quem sorri sou eu&#8221;. Com uma pegada retr\u00f4, que mistura o pop rock dos anos 60 e elementos indie-pop, a nova m\u00fasica tem uma vibe super alto astral, com belos arranjos de metais e um expressivo solo de saxofone, assinados pelo m\u00fasico catarinense Braion Johnny. A faixa teve como principal refer\u00eancia o repert\u00f3rio da cantora Amy Winehouse.<\/p>\n\n\n\n<p class=\"wp-block-paragraph\">&#8220;Essa \u00e9 uma conquista muito importante pra mim, pois sempre quis trabalhar como produtor&#8221;, diz. O artista revela, ainda, que lan\u00e7ar\u00e1 diversos singles ao longo do ano, por\u00e9m com uma pegada sonora diferente, seguindo a linha de sua identidade musical, que mistura elementos vintage com novas propostas da linguagem pop, sem perder sua ess\u00eancia brasileira.<\/p>\n\n\n\n<figure class=\"wp-block-embed aligncenter is-type-video is-provider-youtube wp-block-embed-youtube wp-embed-aspect-4-3 wp-has-aspect-ratio\"><div class=\"wp-block-embed__wrapper\">\n<iframe loading=\"lazy\" title=\"Quem Sorri Sou Eu\" width=\"880\" height=\"660\" src=\"https:\/\/www.youtube.com\/embed\/8jtuVBQ7x4k?feature=oembed\" frameborder=\"0\" allow=\"accelerometer; autoplay; clipboard-write; encrypted-media; gyroscope; picture-in-picture\" allowfullscreen><\/iframe>\n<\/div><\/figure>\n\n\n\n<h2 class=\"wp-block-heading\">Giulia on Fire<\/h2>\n\n\n\n<p class=\"wp-block-paragraph\">Cen\u00e1rio p\u00f3s-apocal\u00edptico, misticismo e melancolia. Essa seria uma sinopse do lan\u00e7amento &#8220;Profecia n\u00e3o cumprida&#8221;, de Giulia on Fire \u2013 dispon\u00edvel em todas as plataformas digitais, a partir de 18 de junho. A artista, que vem conquistando seu espa\u00e7o na cena indie nacional, sempre revela em seus trabalhos a sua paix\u00e3o pela atua\u00e7\u00e3o, entregando ao p\u00fablico uma performance n\u00e3o somente sonora, mas tamb\u00e9m teatral e visual. Seu novo single exp\u00f5e entraves psicol\u00f3gicos como a s\u00edndrome do impostor, autossabotagem, necessidade de aceita\u00e7\u00e3o, medo do fracasso, entre outros fantasmas que parecem assombrar a sociedade, cada vez mais. Para comemorar o lan\u00e7amento, Giulia ir\u00e1 realizar um show online no dia 26\/06 \u00e0s 20h, <a href=\"https:\/\/www.youtube.com\/channel\/UCcMNEPdboIqc_kcqQVNuoKg\" target=\"_blank\" rel=\"noreferrer noopener\">em seu canal do YouTube<\/a>, com performances autorais e covers, no piano e viol\u00e3o. Al\u00e9m de promover uma inusitada experi\u00eancia de leitura de cartas de tarot, com conselhos direcionados, durante a transmiss\u00e3o.<\/p>\n\n\n\n<figure class=\"wp-block-embed aligncenter is-type-video is-provider-youtube wp-block-embed-youtube wp-embed-aspect-4-3 wp-has-aspect-ratio\"><div class=\"wp-block-embed__wrapper\">\n<iframe loading=\"lazy\" title=\"Profecia N\u00e3o Cumprida - Giulia on Fire\" width=\"880\" height=\"660\" src=\"https:\/\/www.youtube.com\/embed\/5C4P5A4X59o?feature=oembed\" frameborder=\"0\" allow=\"accelerometer; autoplay; clipboard-write; encrypted-media; gyroscope; picture-in-picture\" allowfullscreen><\/iframe>\n<\/div><\/figure>\n\n\n\n<h2 class=\"wp-block-heading\">Mais lan\u00e7amentos<\/h2>\n\n\n\n<p class=\"wp-block-paragraph\">A semana tem ainda novidades de<strong> Alok, Tyler, The Creator<\/strong>, <strong>Mabel<\/strong>, <strong>Diana Ross<\/strong> e mais. Confira na playlist:<\/p>\n\n\n\n<center><iframe loading=\"lazy\" src=\"https:\/\/open.spotify.com\/embed\/playlist\/6wTneMDrHfgctoSDS3GqNw\" width=\"600\" height=\"380\" frameborder=\"0\" allowtransparency=\"true\" allow=\"encrypted-media\"><\/iframe><\/center>\n\n\n\n<p class=\"wp-block-paragraph\"><\/p>","protected":false},"excerpt":{"rendered":"<p>Outra sexta-feira (18) chegou, e desta vez com destaque para Luan Santana, que finalmente lan\u00e7ou a aguardada &#8220;Morena&#8221;. Mas os lan\u00e7amentos n\u00e3o para por a\u00ed&#8230; Os meninos do Jonas Brothers, tamb\u00e9m est\u00e3o de single novo, &#8220;Remember This&#8221;, assim como Gloria Groove, e Kevinho, que se uniu \u00e0 Jottap\u00ea e Aron Piper. A semana traz ainda [&hellip;]<\/p>\n","protected":false},"author":1,"featured_media":85582,"comment_status":"closed","ping_status":"open","sticky":false,"template":"","format":"standard","meta":{"footnotes":""},"categories":[2164],"tags":[8068,2163,8465,508,2892,199,3980,407,454,3783,8390,8057,3685],"class_list":["post-85560","post","type-post","status-publish","format-standard","has-post-thumbnail","hentry","category-lancamentos","tag-aron-piper","tag-capa","tag-emilia-pedersen","tag-gloria-groove","tag-h-e-r","tag-jonas-brothers","tag-jottape","tag-kevinho","tag-luan-santana","tag-lucy-alves","tag-marieme","tag-olivia-rodrigo","tag-thalles"],"_links":{"self":[{"href":"https:\/\/portalpopmais.com.br\/en\/wp-json\/wp\/v2\/posts\/85560","targetHints":{"allow":["GET"]}}],"collection":[{"href":"https:\/\/portalpopmais.com.br\/en\/wp-json\/wp\/v2\/posts"}],"about":[{"href":"https:\/\/portalpopmais.com.br\/en\/wp-json\/wp\/v2\/types\/post"}],"author":[{"embeddable":true,"href":"https:\/\/portalpopmais.com.br\/en\/wp-json\/wp\/v2\/users\/1"}],"replies":[{"embeddable":true,"href":"https:\/\/portalpopmais.com.br\/en\/wp-json\/wp\/v2\/comments?post=85560"}],"version-history":[{"count":0,"href":"https:\/\/portalpopmais.com.br\/en\/wp-json\/wp\/v2\/posts\/85560\/revisions"}],"wp:featuredmedia":[{"embeddable":true,"href":"https:\/\/portalpopmais.com.br\/en\/wp-json\/wp\/v2\/media\/85582"}],"wp:attachment":[{"href":"https:\/\/portalpopmais.com.br\/en\/wp-json\/wp\/v2\/media?parent=85560"}],"wp:term":[{"taxonomy":"category","embeddable":true,"href":"https:\/\/portalpopmais.com.br\/en\/wp-json\/wp\/v2\/categories?post=85560"},{"taxonomy":"post_tag","embeddable":true,"href":"https:\/\/portalpopmais.com.br\/en\/wp-json\/wp\/v2\/tags?post=85560"}],"curies":[{"name":"wp","href":"https:\/\/api.w.org\/{rel}","templated":true}]}}