{"id":85792,"date":"2021-06-21T10:43:11","date_gmt":"2021-06-21T13:43:11","guid":{"rendered":"https:\/\/portalpopmais.com.br\/?p=85792"},"modified":"2021-06-21T10:43:16","modified_gmt":"2021-06-21T13:43:16","slug":"lucas-penteado-banda-triplx-single-se-liga-loki","status":"publish","type":"post","link":"https:\/\/portalpopmais.com.br\/en\/lucas-penteado-banda-triplx-single-se-liga-loki\/","title":{"rendered":"Banda de Lucas Penteado, TRIPLX anuncia disco para Julho e lan\u00e7a single: ou\u00e7a &#8220;Se Liga L\u00f3ki&#8221;"},"content":{"rendered":"<p>Depois de lan\u00e7ar o single <a href=\"https:\/\/www.youtube.com\/watch?v=zSk2CpPl1cQ\" target=\"_blank\" rel=\"noreferrer noopener\">Era Uma Vez?<\/a> a <strong>TRIPLX<\/strong>, banda formada por <strong><a href=\"https:\/\/portalpopmais.com.br\/en\/lucas-penteado-criticas-fas-gilberto\/\" target=\"_blank\" data-type=\"post\" data-id=\"84772\" rel=\"noreferrer noopener\">Lucas Penteado<\/a><\/strong> no vocal, <strong>Martin Mendon\u00e7a<\/strong> na guitarra, <strong>Rod Krieger <\/strong>no baixo e <strong>Duda Machado<\/strong> na bateria, anuncia o lan\u00e7amento do disco Salve Fam\u00edlia para 21 de julho (fa\u00e7a o pre save <a href=\"https:\/\/links.altafonte.com\/salve_\" target=\"_blank\" rel=\"noreferrer noopener\">aqui<\/a>) e libera hoje a faixa Se Liga L\u00f3ki, que vem acompanhada de lyric video, assinado por Victor Scub &#8211; assista <a href=\"https:\/\/mailtrack.io\/trace\/link\/2e3c2ac3524926ff434d61c867585d5f09d50a01?url=https%3A%2F%2Fyoutu.be%2FUjLY_73q5ss&amp;userId=2879025&amp;signature=1f747991e77d8f4a&amp;i=d436026d-ce93-4ed5-9bd0-db14313e05ad\" target=\"_blank\" rel=\"noreferrer noopener\">aqui<\/a>.\u00a0<\/p>\n\n\n\n<p>Se Liga L\u00f3ki \u00e9 a sexta can\u00e7\u00e3o do \u00e1lbum, que ter\u00e1 um total de 08 m\u00fasicas e tem lan\u00e7amento pelo selo Let&#8217;s Gig e distribui\u00e7\u00e3o da Altafonte. Com letra do ator, diretor e slammer Lucas Koka Penteado, que teve uma participa\u00e7\u00e3o mete\u00f3rica na \u00faltima edi\u00e7\u00e3o do BBB, a faixa fala &#8220;<em>sobre a vida de um jovem perif\u00e9rico, mas, ao mesmo tempo, fala da vida de muitas pessoas. Sobre o quanto a gente n\u00e3o aproveita os bons momentos e o quanto a gente n\u00e3o consegue aprender com os maus momentos da vida. E, tamb\u00e9m, sobre o quanto a gente leva superficialmente as situa\u00e7\u00f5es. A gente convive muito uns com os outros no mundo virtual, mas falta presen\u00e7a. A gente n\u00e3o conhece as pessoas que est\u00e3o \u00e0 nossa volta, a gente mal se conhece<\/em>&#8220;, explica o vocalista.&nbsp;<\/p>\n\n\n\n<p>Lucas tamb\u00e9m conta que as rimas de Se Liga L\u00f3ki discorrem &#8220;<em>sobre os preconceitos que um jovem perif\u00e9rico vive. Sobre como os estere\u00f3tipos da sociedade, esses padr\u00f5es, n\u00e3o encaixam em ningu\u00e9m e ningu\u00e9m se encaixa neles, n\u00e9? Mas, ao mesmo tempo, as pessoas ficam nessa busca eterna de tentarem ser aceitas e acabam num mundo vazio, percebem que \u00e9 imposs\u00edvel se encaixar nesses padr\u00f5es ao ver que a vida se passou<\/em>&#8220;<\/p>\n\n\n\n<p>No som, o instrumental mistura as batidas de Manchester com o funk metal da Calif\u00f3rnia dos anos 90. &#8220;<em>Um encontro entre os Stone Roses e o Living Colour<\/em>&#8220;, comenta Rod. A grava\u00e7\u00e3o aconteceu em 2016\/2017, durante o ano que a banda passou no Studio Madeira, em S\u00e3o Paulo.\u00a0<\/p>\n\n\n\n<figure class=\"wp-block-embed aligncenter is-type-video is-provider-youtube wp-block-embed-youtube wp-embed-aspect-16-9 wp-has-aspect-ratio\"><div class=\"wp-block-embed__wrapper\">\n<iframe loading=\"lazy\" title=\"TRIPLX - Se Liga L\u00f3ki (Lyric V\u00eddeo Oficial)\" width=\"880\" height=\"495\" src=\"https:\/\/www.youtube.com\/embed\/UjLY_73q5ss?feature=oembed\" frameborder=\"0\" allow=\"accelerometer; autoplay; clipboard-write; encrypted-media; gyroscope; picture-in-picture\" allowfullscreen><\/iframe>\n<\/div><\/figure>\n\n\n\n<h2 class=\"wp-block-heading\"><strong>Salve Fam\u00edlia<\/strong><\/h2>\n\n\n\n<p>Salve Fam\u00edlia ficou pronto em fevereiro de 2017, depois da TRIPLX passar um ano ensaiando, produzindo e gravando. &#8220;<em>Nossos encontros eram di\u00e1rios. Todos os dias da semana. E a\u00ed, no final de semana, eu e Duda viaj\u00e1vamos com Pitty e Rod com a Cachorro Grande<\/em>&#8220;, lembra o guitarrista Martin, que continua na banda com a artista baiana, j\u00e1 Rod segue em carreira solo e Duda deixou a Pitty em 2018.<\/p>\n\n\n\n<p>Guardado na gaveta durante os \u00faltimos anos, a banda decidiu lan\u00e7ar o \u00e1lbum agora, pois, depois de sair do BBB, Lucas ligou para os integrantes e reativou a chama da TRIPLX. &#8220;<em>A partir da\u00ed come\u00e7amos a nos agilizar. Estamos muito felizes por colocar esse filho no mundo<\/em>&#8220;, diz Duda.<\/p>","protected":false},"excerpt":{"rendered":"<p>Depois de lan\u00e7ar o single Era Uma Vez? a TRIPLX, banda formada por Lucas Penteado no vocal, Martin Mendon\u00e7a na guitarra, Rod Krieger no baixo e Duda Machado na bateria, anuncia o lan\u00e7amento do disco Salve Fam\u00edlia para 21 de julho (fa\u00e7a o pre save aqui) e libera hoje a faixa Se Liga L\u00f3ki, que [&hellip;]<\/p>\n","protected":false},"author":1,"featured_media":85793,"comment_status":"closed","ping_status":"open","sticky":false,"template":"","format":"standard","meta":{"footnotes":""},"categories":[154],"tags":[8132,8824],"class_list":["post-85792","post","type-post","status-publish","format-standard","has-post-thumbnail","hentry","category-musica","tag-lucas-penteado","tag-triplx"],"_links":{"self":[{"href":"https:\/\/portalpopmais.com.br\/en\/wp-json\/wp\/v2\/posts\/85792","targetHints":{"allow":["GET"]}}],"collection":[{"href":"https:\/\/portalpopmais.com.br\/en\/wp-json\/wp\/v2\/posts"}],"about":[{"href":"https:\/\/portalpopmais.com.br\/en\/wp-json\/wp\/v2\/types\/post"}],"author":[{"embeddable":true,"href":"https:\/\/portalpopmais.com.br\/en\/wp-json\/wp\/v2\/users\/1"}],"replies":[{"embeddable":true,"href":"https:\/\/portalpopmais.com.br\/en\/wp-json\/wp\/v2\/comments?post=85792"}],"version-history":[{"count":0,"href":"https:\/\/portalpopmais.com.br\/en\/wp-json\/wp\/v2\/posts\/85792\/revisions"}],"wp:featuredmedia":[{"embeddable":true,"href":"https:\/\/portalpopmais.com.br\/en\/wp-json\/wp\/v2\/media\/85793"}],"wp:attachment":[{"href":"https:\/\/portalpopmais.com.br\/en\/wp-json\/wp\/v2\/media?parent=85792"}],"wp:term":[{"taxonomy":"category","embeddable":true,"href":"https:\/\/portalpopmais.com.br\/en\/wp-json\/wp\/v2\/categories?post=85792"},{"taxonomy":"post_tag","embeddable":true,"href":"https:\/\/portalpopmais.com.br\/en\/wp-json\/wp\/v2\/tags?post=85792"}],"curies":[{"name":"wp","href":"https:\/\/api.w.org\/{rel}","templated":true}]}}